{"id":5193,"date":"2017-03-12T14:11:57","date_gmt":"2017-03-12T14:11:57","guid":{"rendered":"http:\/\/www.cgt-lkn.org\/bizkaia\/gestamp\/?p=5193"},"modified":"2017-03-12T14:38:17","modified_gmt":"2017-03-12T14:38:17","slug":"cgt-ford-mas-sabados-menos-empleos-y-encima-ugt-pide-un-erte","status":"publish","type":"post","link":"https:\/\/www.cgt-lkn.org\/bizkaia-gestamp\/2017\/03\/12\/cgt-ford-mas-sabados-menos-empleos-y-encima-ugt-pide-un-erte\/","title":{"rendered":"CGT-Ford: M\u00e1s s\u00e1bados, menos empleos\u2026 y encima UGT pide un ERTE"},"content":{"rendered":"<p><img loading=\"lazy\" decoding=\"async\" class=\"alignleft\" src=\"http:\/\/es.globedia.com\/imagenes\/noticias\/2014\/11\/18\/comunicado-cgt-ford-calidad-responsabilidad-pasado_2_2178338.jpg\" alt=\"Resultado de imagen de CGT FORD\" width=\"330\" height=\"247\" \/><\/p>\n<p>El pasado jueves la empresa convoc\u00f3 a la Comisi\u00f3n Consultiva para comunicar que vuelve a bajar la producci\u00f3n de motores debido a la pr\u00f3xima finalizaci\u00f3n del contrato con Jaguar y Land Rover, y que esta bajada de producci\u00f3n se traduce en un exceso de personal en la planta de Motores de 40 trabajadores durante el mes de marzo y de 90 m\u00e1s en el mes de mayo. 130 compa\u00f1eros a los que la empresa aplicar\u00e1 movilidad hacia la planta de Montaje.<\/p>\n<p>Por si alguien ten\u00eda alguna duda de que el acuerdo firmado entre la empresa y UGT en el mes de julio de 2016, para \u201csalvar\u201d la situaci\u00f3n del segundo semestre del a\u00f1o pasado, fue una tomadura de pelo que solo beneficiaba a Ford y que no ten\u00eda ning\u00fan tipo de garant\u00eda de continuidad de los contratos, la empresa inform\u00f3 en la misma reuni\u00f3n que esta movilidad supondr\u00e1 un \u201cajuste de personal\u201d en las plantas de fabricaci\u00f3n de veh\u00edculos. Un \u201cajuste de personal\u201d que se sumara al que ya han sufrido los 265 compa\u00f1eros que no han renovado su contrato desde que se firmo el acuerdo.<\/p>\n<p>Mientras nuestros puestos de trabajo est\u00e1n cada d\u00eda m\u00e1s saturados y aumenta de manera alarmante el n\u00famero de compa\u00f1eros que se lesionan por culpa de unas cargas de trabajo inhumanas, la empresa no tiene ning\u00fan reparo en comunicarnos que quiere \u201cajustar el personal\u201d y, al mismo tiempo, anunciar que gracias al acuerdo firmado con UGT tenemos que trabajar m\u00e1s s\u00e1bados para hacer m\u00e1s coches.<\/p>\n<p>Pero si pens\u00e1bamos que la chapuza ya no pod\u00eda superarse, va la UGT y convoca una reuni\u00f3n de la Comisi\u00f3n Consultiva para pedirle a la empresa que solicite un Expediente de Regulaci\u00f3n Temporal de Empleo (ERTE) a la administraci\u00f3n.<\/p>\n<p>S\u00ed, aunque parezca dif\u00edcil de creer, hemos llegado a la situaci\u00f3n de ver a la UGT pedir un ERTE para que los trabajadores consuman su paro y la administraci\u00f3n valenciana pague sus salarios, en una empresa que hace poco m\u00e1s de un mes anunci\u00f3 que en 2016 hab\u00eda obtenido unos beneficios en Europa de 1.100 millones de euros.<\/p>\n<p>Para CGT es incomprensible que un sindicato pueda pedir un ERTE, y le hemos dicho a la empresa que aqu\u00ed no sobra nadie; m\u00e1s bien al contrario. Que lo que tiene que hacer es reforzar con m\u00e1s gente los puestos de trabajo, que est\u00e1n vez m\u00e1s saturados y est\u00e1n provocando cada d\u00eda mayor n\u00famero de lesiones a los trabajadores. Es posible que los directivos de Ford y dirigentes de la UGT esto de los ritmos no lo sepan, o no lo sufran, pero que pregunten a la gente que est\u00e1 en las cadenas.<\/p>\n<p>Da la impresi\u00f3n que UGT le ha regalado un traje a medida a la empresa, aunque lo que no sabemos es si el patr\u00f3n lo ha puesto la empresa y UGT solo est\u00e1 haciendo de costurero.<\/p>\n<p>SOLO HAY UN CAMINO:<\/p>\n<p>DIGNIDAD Y LUCHA<\/p>\n<p>CGT-Ford<\/p>\n<p><a href=\"https:\/\/www.cgt-lkn.org\/wp-content\/uploads\/sites\/20\/2017\/03\/Converted_file_062d80e6.pdf\">Articulo en PDF<\/a><\/p>\n<p>&nbsp;<\/p>\n","protected":false},"excerpt":{"rendered":"<p><a href=\"https:\/\/www.cgt-lkn.org\/bizkaia-gestamp\/?p=5193&amp;preview=true\"><img loading=\"lazy\" decoding=\"async\" class=\"alignleft\" src=\"http:\/\/es.globedia.com\/imagenes\/noticias\/2014\/11\/18\/comunicado-cgt-ford-calidad-responsabilidad-pasado_2_2178338.jpg\" alt=\"Resultado de imagen de CGT FORD\" width=\"330\" height=\"247\" \/><\/a><\/p>\n<p>El pasado jueves la empresa convoc\u00f3 a la Comisi\u00f3n Consultiva para comunicar que vuelve a bajar la producci\u00f3n de motores debido a la pr\u00f3xima finalizaci\u00f3n del contrato con Jaguar y Land Rover, y que esta bajada de producci\u00f3n se traduce en un exceso de personal en la planta de Motores de 40 trabajadores durante el mes de marzo y de 90 m\u00e1s en el mes de mayo. 130 compa\u00f1eros a los que la empresa aplicar\u00e1 movilidad hacia la planta de Montaje.<\/p>\n<p>&nbsp;<\/p>\n<p>&nbsp;<\/p>\n<p>&nbsp;<\/p>\n<p>&nbsp;<\/p>\n<p>&nbsp;<\/p>\n","protected":false},"author":72,"featured_media":0,"comment_status":"closed","ping_status":"open","sticky":false,"template":"","format":"standard","meta":{"footnotes":"","_links_to":"","_links_to_target":""},"categories":[5,10,22,70],"tags":[],"class_list":["post-5193","post","type-post","status-publish","format-standard","hentry","category-automocion","category-ford","category-en-la-prensa","category-rojo-y-negro"],"publishpress_future_action":{"enabled":false,"date":"2026-05-07 00:13:12","action":"change-status","newStatus":"draft","terms":[],"taxonomy":"category","extraData":[]},"publishpress_future_workflow_manual_trigger":{"enabledWorkflows":[]},"_links":{"self":[{"href":"https:\/\/www.cgt-lkn.org\/bizkaia-gestamp\/wp-json\/wp\/v2\/posts\/5193","targetHints":{"allow":["GET"]}}],"collection":[{"href":"https:\/\/www.cgt-lkn.org\/bizkaia-gestamp\/wp-json\/wp\/v2\/posts"}],"about":[{"href":"https:\/\/www.cgt-lkn.org\/bizkaia-gestamp\/wp-json\/wp\/v2\/types\/post"}],"author":[{"embeddable":true,"href":"https:\/\/www.cgt-lkn.org\/bizkaia-gestamp\/wp-json\/wp\/v2\/users\/72"}],"replies":[{"embeddable":true,"href":"https:\/\/www.cgt-lkn.org\/bizkaia-gestamp\/wp-json\/wp\/v2\/comments?post=5193"}],"version-history":[{"count":6,"href":"https:\/\/www.cgt-lkn.org\/bizkaia-gestamp\/wp-json\/wp\/v2\/posts\/5193\/revisions"}],"predecessor-version":[{"id":5201,"href":"https:\/\/www.cgt-lkn.org\/bizkaia-gestamp\/wp-json\/wp\/v2\/posts\/5193\/revisions\/5201"}],"wp:attachment":[{"href":"https:\/\/www.cgt-lkn.org\/bizkaia-gestamp\/wp-json\/wp\/v2\/media?parent=5193"}],"wp:term":[{"taxonomy":"category","embeddable":true,"href":"https:\/\/www.cgt-lkn.org\/bizkaia-gestamp\/wp-json\/wp\/v2\/categories?post=5193"},{"taxonomy":"post_tag","embeddable":true,"href":"https:\/\/www.cgt-lkn.org\/bizkaia-gestamp\/wp-json\/wp\/v2\/tags?post=5193"}],"curies":[{"name":"wp","href":"https:\/\/api.w.org\/{rel}","templated":true}]}}