{"id":4996,"date":"2017-01-19T18:11:51","date_gmt":"2017-01-19T18:11:51","guid":{"rendered":"http:\/\/www.cgt-lkn.org\/bizkaia\/gestamp\/?p=4996"},"modified":"2017-01-19T18:12:19","modified_gmt":"2017-01-19T18:12:19","slug":"la-planta-volkswagen-en-navarra-roza-los-300-000-vehiculos-producidos","status":"publish","type":"post","link":"https:\/\/www.cgt-lkn.org\/bizkaia-gestamp\/2017\/01\/19\/la-planta-volkswagen-en-navarra-roza-los-300-000-vehiculos-producidos\/","title":{"rendered":"La planta Volkswagen en Navarra roza los 300.000 veh\u00edculos producidos"},"content":{"rendered":"<p><img loading=\"lazy\" decoding=\"async\" class=\"alignleft\" src=\"http:\/\/www.cosasdecoches.com\/wp-content\/uploads\/sites\/4\/2017\/01\/ss-mm-los-reyes-durante-su--1200x600_c.jpg\" alt=\"La planta Volkswagen en Navarra roza los 300.000 veh\u00edculos producidos\" width=\"330\" height=\"165\" \/><\/p>\n<p>La factor\u00eda navarra cierra <strong>uno de sus cursos m\u00e1s exitosos, con 296.800 coches fabricados<\/strong>, y\u00a0se afianza de cara al futuro con los planes que tiene previsto el Grupo Volkswagen, entre los que <strong>se prev\u00e9 la producci\u00f3n\u00a0de un segundo modelo, que se unir\u00eda al Volkswagen Polo<\/strong> que ahora ensambla en exclusiva. Se han anunciado grandes inversiones para adaptarse a este aumento de producci\u00f3n.<\/p>\n<p>Si analizamos los veh\u00edculos que salieron de sus l\u00edneas de montaje, encontramos que<strong> el 77 % de los Volkswagen Polo fabricados durante 2016\u00a0correspondieron a versiones de gasolina,<\/strong> mientras que la caja de cambios m\u00e1s solicitada fue la caja de cambios manual, que incorporaron cuatro de cada cinco coches.<\/p>\n<p>&nbsp;<\/p>\n<h3>Uno de los a\u00f1os m\u00e1s importantes de su historia<\/h3>\n<h3><img loading=\"lazy\" decoding=\"async\" class=\"\" src=\"http:\/\/www.cosasdecoches.com\/wp-content\/uploads\/sites\/4\/2017\/01\/ss-mm-los-reyes-visitan-la-.jpg\" alt=\"Volkswagen Landaben\" width=\"330\" height=\"220\" \/><\/h3>\n<p>Sin duda, el 2016 ha sido un a\u00f1o clave\u00a0para Landaben. Coincidiendo con <strong>la\u00a0celebraci\u00f3n del 50\u00ba aniversario de la planta\u00a0en junio<\/strong>, que cont\u00f3\u00a0con la presencia de SS.MM. los Reyes de Espa\u00f1a, Felipe VI y Do\u00f1a Letizia, la compa\u00f1\u00eda detall\u00f3 los planes de cara a los pr\u00f3ximos a\u00f1os.<\/p>\n<p>Ese mismo d\u00eda se anunci\u00f3 que\u00a0la f\u00e1brica de Navarra<strong> producir\u00e1, por primera vez, un segundo modelo<\/strong>, que compartir\u00e1 plataforma con el nuevo Volkswagen Polo del que se espera su lanzamiento en el a\u00f1o 2018. Esta inversi\u00f3n afianza el futuro de la factor\u00eda\u00a0y <strong>permitir\u00e1 aumentar la plantilla directa en torno a un 10 %<\/strong> para poder asumir la producci\u00f3n de hasta 350.000 veh\u00edculos anuales.<\/p>\n<p>Para la fabricaci\u00f3n del nuevo Volkswagen Polo se han invertido, durante el pasado a\u00f1o, 160 millones de euros.\u00a0A estas cifras <strong>se sumar\u00e1n nuevas inversiones por un valor aproximado de cerca de 1.000 millones de euros<\/strong> hasta el a\u00f1o 2019.<\/p>\n<h3>Reconocimiento al trabajo bien hecho<\/h3>\n<p><img loading=\"lazy\" decoding=\"async\" class=\"\" src=\"http:\/\/www.cosasdecoches.com\/wp-content\/uploads\/sites\/4\/2017\/01\/de-izquierda-a-derecha-bern.jpg\" alt=\"Volkswagen Landaben\" width=\"330\" height=\"227\" \/><\/p>\n<div class=\"entry_content\">\n<p>Por otro lado, el pasado mes de diciembre, un trabajador de la f\u00e1brica, <strong>\u00c1ngel Naturana, fue\u00a0galardonado en la\u00a0XVI edici\u00f3n de los Premios al Mejor Aprendiz<\/strong> de las plantas de Volkswagen por sus\u00a0habilidades, conocimientos y capacidad de trabajo, demostrados durante los estudios y las pr\u00e1cticas que ha realizado con la compa\u00f1\u00eda.<\/p>\n<p>El<strong> Programa Volkswagen Academy<\/strong>\u00a0es un programa\u00a0de formaci\u00f3n propio de la firma alemana que ayuda a los estudiantes a conocer todos los entresijos de la industria automovil\u00edstica desde dentro <strong>combinando las clases te\u00f3ricas con pr\u00e1cticas<\/strong> en las l\u00edneas de producci\u00f3n de la propia planta. En el caso de Landaben est\u00e1 integrado por 23 j\u00f3venes, entre los que se encuentra \u00c1ngel Naturana.<\/p>\n<\/div>\n<div class=\"bottom_wrapper\"><\/div>\n","protected":false},"excerpt":{"rendered":"<p><a href=\"https:\/\/www.cgt-lkn.org\/bizkaia-gestamp\/?p=4996&amp;preview=true\"><img loading=\"lazy\" decoding=\"async\" class=\"alignleft\" src=\"http:\/\/www.cosasdecoches.com\/wp-content\/uploads\/sites\/4\/2017\/01\/ss-mm-los-reyes-durante-su--1200x600_c.jpg\" alt=\"La planta Volkswagen en Navarra roza los 300.000 veh\u00edculos producidos\" width=\"330\" height=\"165\" \/><\/a>La factor\u00eda navarra cierra <strong>uno de sus cursos m\u00e1s exitosos, con 296.800 coches fabricados<\/strong>, y\u00a0se afianza de cara al futuro con los planes que tiene previsto el Grupo Volkswagen, entre los que <strong>se prev\u00e9 la producci\u00f3n\u00a0de un segundo modelo, que se unir\u00eda al Volkswagen Polo<\/strong> que ahora ensambla en exclusiva.<\/p>\n","protected":false},"author":72,"featured_media":0,"comment_status":"closed","ping_status":"open","sticky":false,"template":"","format":"standard","meta":{"footnotes":"","_links_to":"","_links_to_target":""},"categories":[5,1,22,29],"tags":[],"class_list":["post-4996","post","type-post","status-publish","format-standard","hentry","category-automocion","category-general","category-en-la-prensa","category-volkswagen"],"publishpress_future_action":{"enabled":false,"date":"2026-05-02 11:07:45","action":"change-status","newStatus":"draft","terms":[],"taxonomy":"category","extraData":[]},"publishpress_future_workflow_manual_trigger":{"enabledWorkflows":[]},"_links":{"self":[{"href":"https:\/\/www.cgt-lkn.org\/bizkaia-gestamp\/wp-json\/wp\/v2\/posts\/4996","targetHints":{"allow":["GET"]}}],"collection":[{"href":"https:\/\/www.cgt-lkn.org\/bizkaia-gestamp\/wp-json\/wp\/v2\/posts"}],"about":[{"href":"https:\/\/www.cgt-lkn.org\/bizkaia-gestamp\/wp-json\/wp\/v2\/types\/post"}],"author":[{"embeddable":true,"href":"https:\/\/www.cgt-lkn.org\/bizkaia-gestamp\/wp-json\/wp\/v2\/users\/72"}],"replies":[{"embeddable":true,"href":"https:\/\/www.cgt-lkn.org\/bizkaia-gestamp\/wp-json\/wp\/v2\/comments?post=4996"}],"version-history":[{"count":2,"href":"https:\/\/www.cgt-lkn.org\/bizkaia-gestamp\/wp-json\/wp\/v2\/posts\/4996\/revisions"}],"predecessor-version":[{"id":4998,"href":"https:\/\/www.cgt-lkn.org\/bizkaia-gestamp\/wp-json\/wp\/v2\/posts\/4996\/revisions\/4998"}],"wp:attachment":[{"href":"https:\/\/www.cgt-lkn.org\/bizkaia-gestamp\/wp-json\/wp\/v2\/media?parent=4996"}],"wp:term":[{"taxonomy":"category","embeddable":true,"href":"https:\/\/www.cgt-lkn.org\/bizkaia-gestamp\/wp-json\/wp\/v2\/categories?post=4996"},{"taxonomy":"post_tag","embeddable":true,"href":"https:\/\/www.cgt-lkn.org\/bizkaia-gestamp\/wp-json\/wp\/v2\/tags?post=4996"}],"curies":[{"name":"wp","href":"https:\/\/api.w.org\/{rel}","templated":true}]}}