{"id":4922,"date":"2016-12-20T08:33:18","date_gmt":"2016-12-20T08:33:18","guid":{"rendered":"http:\/\/www.cgt-lkn.org\/bizkaia\/gestamp\/?p=4922"},"modified":"2016-12-20T18:36:22","modified_gmt":"2016-12-20T18:36:22","slug":"devolucion-del-irpf-de-la-prestacion-por-maternidad","status":"publish","type":"post","link":"https:\/\/www.cgt-lkn.org\/bizkaia-gestamp\/2016\/12\/20\/devolucion-del-irpf-de-la-prestacion-por-maternidad\/","title":{"rendered":"Devoluci\u00f3n del IRPF de la prestaci\u00f3n por maternidad."},"content":{"rendered":"<p>La\u00a0sentencia del <strong>Tribunal Superior que\u00a0<\/strong>ha declarado que la prestaci\u00f3n por maternidad de la Seguridad Social est\u00e1 exenta del IRPF.<\/p>\n<p>Gracias a ella se puede reclamar la\u00a0devoluci\u00f3n del IRPF cobrado de la prestaci\u00f3n por maternidad desde 2012.Es dcir, que para el perido del 2012 termina el plazo de reclamar el 31 de Diciembre del 2016. para prestaciones posteriores hay un plazo de m\u00e1ximo de 4 a\u00f1os, por este motivo es recomendable que a quien tenga que reclamar el IRPF posterior al 2012 esper\u00e9 a hacer la reclamaci\u00f3n y ver c\u00f3mo se desarrolla.<\/p>\n<p>Ya que es posible que la hacienda no acepte las reclamaciones y haya que ir a juicio.<\/p>\n<p>Aqu\u00ed dispones de un modelo de reclamaci\u00f3n del IRPF para la hacienda de Bizkaia. Las personas que necesiten asesoramiento se pueden poner en contacto con la asesor\u00eda laboral de CGT.LKN en:\u00a0<a href=\"http:\/\/maps.google.com\/maps\/ms?f=q&amp;hl=en&amp;geocode=&amp;ie=UTF8&amp;t=h&amp;msa=0&amp;msid=218276683801065003336.00044c6c472ce8f0a1314&amp;source=embed&amp;ll=43.259706,-2.926912&amp;spn=0.051568,0.131922&amp;z=14&amp;vpsrc=6&amp;iwloc=00044c97d3f99147a4e19\" target=\"_blank\">C\/ Bail\u00e9n n\u00ba 7-Entresuelo<\/a>\u00a0 \u00a0Dptos 2,3 y 4 48003 Bilbao \u00a0Tf: 944169540<\/p>\n<p class=\"x_MsoNormal\">A LA HACIENDA FORAL DE BIZKAIA<\/p>\n<p class=\"x_MsoNormal\">Asunto: Rectificaci\u00f3n Declaraci\u00f3n IRPF EJERCICIO 2012<\/p>\n<p class=\"x_MsoNormal\">Do\u00f1a\u2026\u2026\u2026\u2026\u2026\u2026\u2026\u2026\u2026\u2026\u2026\u2026, con DNI\u2026\u2026\u2026\u2026\u2026\u2026.. y con domicilio en\u2026\u2026\u2026\u2026\u2026\u2026\u2026\u2026\u2026\u2026\u2026\u2026\u2026\u2026\u2026\u2026\u2026\u2026\u2026\u2026\u2026.., comparece y como mejor en Derecho proceda, DICE:<\/p>\n<p class=\"x_MsoNormal\">Que, con fecha de 6 de Julio de 2016, se ha dictado Sentencia por parte del Tribunal Superior de Justicia de Madrid por la que se reconoce la exenci\u00f3n de las rentas derivadas de la prestaci\u00f3n por maternidad.<\/p>\n<p class=\"x_MsoNormal\">Que, en atenci\u00f3n a ello, y con la argumentaci\u00f3n jur\u00eddica que se contiene en la citada Resoluci\u00f3n judicial se SOLICITA, por medio del presente escrito, la rectificaci\u00f3n de la declaraci\u00f3n de la renta correspondiente al ejercicio 2012 en el sentido de que sean objeto de devoluci\u00f3n las retenciones practicadas ( si se sabe el importe, poner\u2026\u2026\u2026\u2026\u2026\u2026\u2026) sobre los ingresos derivados de la prestaci\u00f3n maternal percibida ( si se sabe el importe, poner\u2026\u2026\u2026\u2026\u2026\u2026), sin c\u00f3mputo de los mismos en la base del Impuesto.<\/p>\n<p class=\"x_MsoNormal\">Es de Justicia que se solicita en Bilbao, a 16 de Diciembre de 2016.<\/p>\n","protected":false},"excerpt":{"rendered":"<p><a href=\"https:\/\/www.cgt-lkn.org\/bizkaia-gestamp\/2016\/12\/20\/devolucion-del-irpf-de-la-prestacion-por-maternidad\/\"><img loading=\"lazy\" decoding=\"async\" class=\"alignleft\" src=\"https:\/\/www.cgt-lkn.org\/wp-content\/uploads\/2016\/12\/maternidad.jpg\" width=\"146\" height=\"219\" \/><\/a>La sentencia del <strong>Tribunal Superior que <\/strong>ha declarado que la prestaci\u00f3n por maternidad de la Seguridad Social est\u00e1 exenta del IRPF. Gracias a ella se puede reclamar la devoluci\u00f3n del IRPF cobrado de la prestaci\u00f3n por maternidad desde 2012.<\/p>\n<p>Es Decir, que para el periodo del 2012 termina el plazo de reclamar el 31 de Diciembre del 2016. para prestaciones posteriores hay un plazo de m\u00e1ximo de 4 a\u00f1os, por este motivo es recomendable que a quien tenga que reclamar el IRPF posterior al 2012 esper\u00e9 a hacer la reclamaci\u00f3n y ver c\u00f3mo se desarrolla.<\/p>\n","protected":false},"author":6,"featured_media":0,"comment_status":"closed","ping_status":"open","sticky":false,"template":"","format":"standard","meta":{"footnotes":"","_links_to":"","_links_to_target":""},"categories":[3,7,68],"tags":[],"class_list":["post-4922","post","type-post","status-publish","format-standard","hentry","category-asesoria-juridica","category-comunicados","category-noticias-igualdad"],"publishpress_future_action":{"enabled":false,"date":"2026-05-08 01:34:00","action":"change-status","newStatus":"draft","terms":[],"taxonomy":"category","extraData":[]},"publishpress_future_workflow_manual_trigger":{"enabledWorkflows":[]},"_links":{"self":[{"href":"https:\/\/www.cgt-lkn.org\/bizkaia-gestamp\/wp-json\/wp\/v2\/posts\/4922","targetHints":{"allow":["GET"]}}],"collection":[{"href":"https:\/\/www.cgt-lkn.org\/bizkaia-gestamp\/wp-json\/wp\/v2\/posts"}],"about":[{"href":"https:\/\/www.cgt-lkn.org\/bizkaia-gestamp\/wp-json\/wp\/v2\/types\/post"}],"author":[{"embeddable":true,"href":"https:\/\/www.cgt-lkn.org\/bizkaia-gestamp\/wp-json\/wp\/v2\/users\/6"}],"replies":[{"embeddable":true,"href":"https:\/\/www.cgt-lkn.org\/bizkaia-gestamp\/wp-json\/wp\/v2\/comments?post=4922"}],"version-history":[{"count":2,"href":"https:\/\/www.cgt-lkn.org\/bizkaia-gestamp\/wp-json\/wp\/v2\/posts\/4922\/revisions"}],"predecessor-version":[{"id":4925,"href":"https:\/\/www.cgt-lkn.org\/bizkaia-gestamp\/wp-json\/wp\/v2\/posts\/4922\/revisions\/4925"}],"wp:attachment":[{"href":"https:\/\/www.cgt-lkn.org\/bizkaia-gestamp\/wp-json\/wp\/v2\/media?parent=4922"}],"wp:term":[{"taxonomy":"category","embeddable":true,"href":"https:\/\/www.cgt-lkn.org\/bizkaia-gestamp\/wp-json\/wp\/v2\/categories?post=4922"},{"taxonomy":"post_tag","embeddable":true,"href":"https:\/\/www.cgt-lkn.org\/bizkaia-gestamp\/wp-json\/wp\/v2\/tags?post=4922"}],"curies":[{"name":"wp","href":"https:\/\/api.w.org\/{rel}","templated":true}]}}