{"id":492,"date":"2008-04-16T09:24:25","date_gmt":"2008-04-16T09:24:25","guid":{"rendered":"http:\/\/www.cgt-lkn.org\/bizkaia\/estampa\/?p=492"},"modified":"2013-11-14T14:05:53","modified_gmt":"2013-11-14T14:05:53","slug":"posicionamiento-de-cgt-sobre-el-atentado-contra-mujeres-autonomas-de-san-juan-copala-oaxaca","status":"publish","type":"post","link":"https:\/\/www.cgt-lkn.org\/bizkaia-gestamp\/2008\/04\/16\/posicionamiento-de-cgt-sobre-el-atentado-contra-mujeres-autonomas-de-san-juan-copala-oaxaca\/","title":{"rendered":"Posicionamiento de CGT sobre el atentado contra mujeres aut\u00f3nomas de San Juan Copala (Oaxaca)"},"content":{"rendered":"<p style=\"text-align: justify\">Hace escasos d\u00edas, de nuevo la mano paramilitar ha decidido ejecutar las indicaciones gubernamentales a nivel estatal y federal para intentar inyectar el virus del terror mediante las \u00abacciones ejemplarizantes\u00bb y acabar as\u00ed con la autonom\u00eda. En esta ocasi\u00f3n, el pasado 7 de abril, dos j\u00f3venes compa\u00f1eras fueron emboscadas y asesinadas. Sus nombres, Teresa Bautista Mer\u00edn y Felicitas Mart\u00ednez S\u00e1nchez. Junto a ellas, una familia tambi\u00e9n fue agredida aunque sin llegar a causarles la muerte. Teresa y Felicitas han sido asesinadas por el conjunto de condiciones que encarnaban: eran mujeres, eran j\u00f3venes, eran ind\u00edgenas, eran locutoras de medios libres, estaban implicadas en la lucha social y pertenec\u00edan al Municipio Aut\u00f3nomo San Juan Copala, de la regi\u00f3n mixteca de Oaxaca. Su sentido elemental de la democracia constituye un peligro y una amenaza real para el orden establecido, para la democracia representativa y la l\u00f3gica de los partidos pol\u00edticos, sea cual sea la tendencia de \u00e9stos.<br \/>En la CGT nos queda claro el mensaje institucional, y es que quien se atreve a cruzar la frontera del sistema econ\u00f3mico y social sabe que la consecuencia puede llegar a ser incompatible con la Vida\u2026.. Adem\u00e1s, si \u00e9ste cruzar la frontera incluye tambi\u00e9n el cuestionamiento de las relaciones y modos organizativos jer\u00e1rquicos, y la consecuente transformaci\u00f3n organizativa en formas horizontales y autogestionarias, la convivencia y el respeto no tienen remedio.<br \/>Cuando ocurren hechos tan graves es necesario mirar hac\u00eda los responsables y denunciar la impunidad y el estrecho v\u00ednculo entre organizaciones paramilitares, el gobierno de Oaxaca en complicidad con el gobierno federal. El golpe perpetrado mediante la brutal agresi\u00f3n ha constre\u00f1ido en silencio a la emisora radiof\u00f3nica en la que Teresa y Felicitas difundian la voz de l@s sin voz. La radio La Voz que Rompe el Silencio, en el 94.9 FM, ha enmudecido transitoriamente.<br \/>Habr\u00e1 que volver a tomar aire para volver a salir a las ondas radiof\u00f3nicas en \u00e9sta Radio Comunitaria Ind\u00edgena. Mientras tanto, desde la CGT hacemos llegar nuestro sentir a las familias y amistades de Teresa Bautista Mer\u00edn y Felicitas Mart\u00ednez S\u00e1nchez, as\u00ed como nuestro reconocimiento y consideraci\u00f3n al MULTI y al Municipio Aut\u00f3nomo de San Juan Copala.<br \/>Desde la CGT afirmamos que ninguna bala va a poder detener la libertad de expresi\u00f3n, el apoyo mutuo y la consolidaci\u00f3n y expansi\u00f3n de la autonom\u00eda y la comunalidad de los pueblos originarios.<br \/>Equipo RRII CGT<\/p>\n","protected":false},"excerpt":{"rendered":"<p style=\"text-align: justify\">Hace escasos d\u00edas, de nuevo la mano paramilitar ha decidido ejecutar las indicaciones gubernamentales a nivel estatal y federal para intentar inyectar el virus del terror mediante las \u00abacciones ejemplarizantes\u00bb y acabar as\u00ed con la autonom\u00eda. En esta ocasi\u00f3n, el pasado 7 de abril, dos j\u00f3venes compa\u00f1eras fueron emboscadas y asesinadas. Sus nombres, Teresa Bautista Mer\u00edn y Felicitas Mart\u00ednez S\u00e1nchez. Junto a ellas, una familia tambi\u00e9n fue agredida aunque sin llegar a causarles la muerte. Teresa y Felicitas han sido asesinadas por el conjunto de condiciones que encarnaban: eran mujeres, eran j\u00f3venes, eran ind\u00edgenas, eran locutoras de medios libres, estaban implicadas en la lucha social y pertenec\u00edan al Municipio Aut\u00f3nomo San Juan Copala, de la regi\u00f3n mixteca de Oaxaca. Su sentido elemental de la democracia constituye un peligro y una amenaza real para el orden establecido, para la democracia representativa y la l\u00f3gica de los partidos pol\u00edticos, sea cual sea la tendencia de \u00e9stos.<\/p>\n","protected":false},"author":72,"featured_media":0,"comment_status":"open","ping_status":"open","sticky":false,"template":"","format":"standard","meta":{"footnotes":"","_links_to":"","_links_to_target":""},"categories":[18],"tags":[],"class_list":["post-492","post","type-post","status-publish","format-standard","hentry","category-mundo"],"publishpress_future_action":{"enabled":false,"date":"2026-05-02 09:23:04","action":"change-status","newStatus":"draft","terms":[],"taxonomy":"category","extraData":[]},"publishpress_future_workflow_manual_trigger":{"enabledWorkflows":[]},"_links":{"self":[{"href":"https:\/\/www.cgt-lkn.org\/bizkaia-gestamp\/wp-json\/wp\/v2\/posts\/492","targetHints":{"allow":["GET"]}}],"collection":[{"href":"https:\/\/www.cgt-lkn.org\/bizkaia-gestamp\/wp-json\/wp\/v2\/posts"}],"about":[{"href":"https:\/\/www.cgt-lkn.org\/bizkaia-gestamp\/wp-json\/wp\/v2\/types\/post"}],"author":[{"embeddable":true,"href":"https:\/\/www.cgt-lkn.org\/bizkaia-gestamp\/wp-json\/wp\/v2\/users\/72"}],"replies":[{"embeddable":true,"href":"https:\/\/www.cgt-lkn.org\/bizkaia-gestamp\/wp-json\/wp\/v2\/comments?post=492"}],"version-history":[{"count":1,"href":"https:\/\/www.cgt-lkn.org\/bizkaia-gestamp\/wp-json\/wp\/v2\/posts\/492\/revisions"}],"predecessor-version":[{"id":2556,"href":"https:\/\/www.cgt-lkn.org\/bizkaia-gestamp\/wp-json\/wp\/v2\/posts\/492\/revisions\/2556"}],"wp:attachment":[{"href":"https:\/\/www.cgt-lkn.org\/bizkaia-gestamp\/wp-json\/wp\/v2\/media?parent=492"}],"wp:term":[{"taxonomy":"category","embeddable":true,"href":"https:\/\/www.cgt-lkn.org\/bizkaia-gestamp\/wp-json\/wp\/v2\/categories?post=492"},{"taxonomy":"post_tag","embeddable":true,"href":"https:\/\/www.cgt-lkn.org\/bizkaia-gestamp\/wp-json\/wp\/v2\/tags?post=492"}],"curies":[{"name":"wp","href":"https:\/\/api.w.org\/{rel}","templated":true}]}}