{"id":4918,"date":"2016-12-16T09:18:27","date_gmt":"2016-12-16T09:18:27","guid":{"rendered":"http:\/\/www.cgt-lkn.org\/bizkaia\/gestamp\/?p=4918"},"modified":"2016-12-16T09:19:51","modified_gmt":"2016-12-16T09:19:51","slug":"readmitidos-los-trabajadores-despedidos-en-gm-colombia","status":"publish","type":"post","link":"https:\/\/www.cgt-lkn.org\/bizkaia-gestamp\/2016\/12\/16\/readmitidos-los-trabajadores-despedidos-en-gm-colombia\/","title":{"rendered":"READMITIDOS los trabajadores despedidos en GM Colombia"},"content":{"rendered":"<p style=\"text-align: left\"><a href=\"https:\/\/www.cgt-lkn.org\/wp-content\/uploads\/sites\/20\/2013\/03\/gm.jpg\"><img loading=\"lazy\" decoding=\"async\" class=\"size-full wp-image-1793 alignleft\" src=\"https:\/\/www.cgt-lkn.org\/wp-content\/uploads\/sites\/20\/2013\/03\/gm.jpg\" alt=\"\" width=\"120\" height=\"114\" \/><\/a>Ayer los compa\u00f1eros Colombianos nos comunicaron que han readmitido a 24 compa\u00f1eros de los despedidos de GM.<\/p>\n<p>Por orden judicial. El juez a hecho hincapi\u00e9 en el apoyo y la repercusi\u00f3n internacional que esta teniendo el caso.<\/p>\n<p>Los compa\u00f1eros Colombianos est\u00e1n enormemente agradecidos por todo lo que estamos haciendo.<\/p>\n<p>Jam\u00e1s ning\u00fan juez hab\u00eda actuado as\u00ed con anterioridad en Colombia, es una noticia sin precedentes.<\/p>\n<p>Esto tiene que servir para reforzar nuestro compromiso de solidaridad internacional, a la vez que fortalecernos para seguir con la campa\u00f1a de apoyo a estos compa\u00f1eros.<\/p>\n<p style=\"text-align: center\">\u00a1\u00a1LA LUCHA ES EL \u00daNICO CAMINO!!<\/p>\n<p style=\"text-align: center\">Gracias a todos los que hab\u00e9is firmado.<\/p>\n","protected":false},"excerpt":{"rendered":"<p style=\"text-align: center\"><a href=\"https:\/\/www.cgt-lkn.org\/wp-content\/uploads\/sites\/20\/2013\/03\/gm.jpg\"><img loading=\"lazy\" decoding=\"async\" class=\"size-full wp-image-1793 alignleft\" src=\"https:\/\/www.cgt-lkn.org\/wp-content\/uploads\/sites\/20\/2013\/03\/gm.jpg\" alt=\"\" width=\"120\" height=\"114\" \/><\/a>\u00a1\u00a1LA LUCHA ES EL \u00daNICO CAMINO!!<\/p>\n<p style=\"text-align: center\">Gracias a todos los que hab\u00e9is firmado.<\/p>\n","protected":false},"author":72,"featured_media":0,"comment_status":"closed","ping_status":"open","sticky":false,"template":"","format":"standard","meta":{"footnotes":"","_links_to":"","_links_to_target":""},"categories":[30,5,7,8,12,17],"tags":[],"class_list":["post-4918","post","type-post","status-publish","format-standard","hentry","category-accion-directa","category-automocion","category-comunicados","category-coordinadora-de-automocion","category-general-motors","category-movilizaciones"],"publishpress_future_action":{"enabled":false,"date":"2026-05-02 07:54:11","action":"change-status","newStatus":"draft","terms":[],"taxonomy":"category","extraData":[]},"publishpress_future_workflow_manual_trigger":{"enabledWorkflows":[]},"_links":{"self":[{"href":"https:\/\/www.cgt-lkn.org\/bizkaia-gestamp\/wp-json\/wp\/v2\/posts\/4918","targetHints":{"allow":["GET"]}}],"collection":[{"href":"https:\/\/www.cgt-lkn.org\/bizkaia-gestamp\/wp-json\/wp\/v2\/posts"}],"about":[{"href":"https:\/\/www.cgt-lkn.org\/bizkaia-gestamp\/wp-json\/wp\/v2\/types\/post"}],"author":[{"embeddable":true,"href":"https:\/\/www.cgt-lkn.org\/bizkaia-gestamp\/wp-json\/wp\/v2\/users\/72"}],"replies":[{"embeddable":true,"href":"https:\/\/www.cgt-lkn.org\/bizkaia-gestamp\/wp-json\/wp\/v2\/comments?post=4918"}],"version-history":[{"count":3,"href":"https:\/\/www.cgt-lkn.org\/bizkaia-gestamp\/wp-json\/wp\/v2\/posts\/4918\/revisions"}],"predecessor-version":[{"id":4921,"href":"https:\/\/www.cgt-lkn.org\/bizkaia-gestamp\/wp-json\/wp\/v2\/posts\/4918\/revisions\/4921"}],"wp:attachment":[{"href":"https:\/\/www.cgt-lkn.org\/bizkaia-gestamp\/wp-json\/wp\/v2\/media?parent=4918"}],"wp:term":[{"taxonomy":"category","embeddable":true,"href":"https:\/\/www.cgt-lkn.org\/bizkaia-gestamp\/wp-json\/wp\/v2\/categories?post=4918"},{"taxonomy":"post_tag","embeddable":true,"href":"https:\/\/www.cgt-lkn.org\/bizkaia-gestamp\/wp-json\/wp\/v2\/tags?post=4918"}],"curies":[{"name":"wp","href":"https:\/\/api.w.org\/{rel}","templated":true}]}}