{"id":471,"date":"2008-07-09T09:07:55","date_gmt":"2008-07-09T09:07:55","guid":{"rendered":"http:\/\/www.cgt-lkn.org\/bizkaia\/estampa\/?p=471"},"modified":"2013-11-14T14:04:47","modified_gmt":"2013-11-14T14:04:47","slug":"ugt-mayoritaria-en-el-comite-de-ford-apoya-la-propuesta-de-la-empresa-para-suprimir-los-comedores-e-instaurar-un-turno-de-trabajo-que-incluye-sabados-festivos-y-domingos","status":"publish","type":"post","link":"https:\/\/www.cgt-lkn.org\/bizkaia-gestamp\/2008\/07\/09\/ugt-mayoritaria-en-el-comite-de-ford-apoya-la-propuesta-de-la-empresa-para-suprimir-los-comedores-e-instaurar-un-turno-de-trabajo-que-incluye-sabados-festivos-y-domingos\/","title":{"rendered":"UGT mayoritaria en el comit\u00e9 de Ford, apoya la propuesta de la empresa para suprimir los comedores e instaurar un turno de trabajo que incluye s\u00e1bados, festivos y domingos"},"content":{"rendered":"<p style=\"text-align: justify\"><strong>Los sindicatos contrarios a los recortes convocan concentraci\u00f3n para el 17 de julio, fecha del juicio promovido por Ford para reclamar a CC.OO., CGT y PUT una indemnizaci\u00f3n de 241.500 \u20ac como compensaci\u00f3n por las supuestas p\u00e9rdidas sufridas como consecuencia del paro del 22 de mayoEstaba cantado ; pero faltaba verlo para creerlo : \u00a1UGT ha aprobado todos y cada uno de los recortes anunciados por Ford ! En la reuni\u00f3n del Comit\u00e9 de Empresa (celebrada hoy, 8 de julio, a las 14\u00b430 h.) los 19 delegados de UGT han votado a favor de respaldar las medias de la direcci\u00f3n, mientras que los 14 restantes (de los otros tres sindicatos presentes en Ford) han votado una propuesta que rechazando las pretensiones de Ford, propon\u00eda la celebraci\u00f3n de un refer\u00e9ndum en el que la plantilla apoyara o rechazara la modificaci\u00f3n de sus condiciones de trabajo. <\/strong><\/p>\n<p style=\"text-align: justify\">Todo ha sido in\u00fatil ; la UGT ha decidido por todos y contra todos.. En el colmo de la irracionalidad y el servilismo ha sido la UGT la que ha estado m\u00e1s en contra que la propia empresa de la alternativa presentada por CGT, CC.OO. y PUT para alcanzar los objetivos de producci\u00f3n previstos por Ford para el \u00faltimo trimestre, pero sin tener que recortar derecho alguno de la plantilla. A partir de ahora no se descartan nuevas medidas de presi\u00f3n para que la plantilla siga exigiendo el mantenimiento de sus derechos actuales.<\/p>\n<p style=\"text-align: justify\">La Ford ha demandado a los sindicatos que convocaron los paros de dos horas y media por turno el pasado 22 de mayo. La empresa acusa a los sindicatos CC.OO., CGT y PUT de haberle ocasionado unas p\u00e9rdidas en la producci\u00f3n de 241.500 euros ; algo que no cuadra muy bien con las informaciones que Ford facilit\u00f3 a los medios el d\u00eda de los paros, seg\u00fan las cuales la producci\u00f3n hab\u00eda sido la de una jornada normal de trabajo. Para exigir a estos tres sindicatos del Comit\u00e9 (el otro es UGT, que no apoy\u00f3 los paros) el pago de la citada cantidad, Ford pretende que los juzgados declaren \u00abilegal\u00bb la huelga, porque \u2013seg\u00fan su peculiar interpretaci\u00f3n de la ley- las protestas deber\u00edan haberse realizado una vez puestos en marcha los recortes comunicados repetidamente a la plantilla y los sindicatos desde primeros de mayo.<\/p>\n<p style=\"text-align: justify\">La vista por la demanda de Ford contra los sindicatos est\u00e1 fijada para el pr\u00f3ximo 17 de julio, a las 10\u00b430 h., en la Ciudad de la Justicia de Valencia (Avda. del Saler, 14) y se ha legalizado una concentraci\u00f3n paralela, en la que los trabajadores de Ford y sindicalistas de otras empresas puedan respaldar la leg\u00edtima actuaci\u00f3n de las personas y \u00f3rganos de los sindicatos que firmaron la declaraci\u00f3n de huelga.<\/p>\n<p style=\"text-align: justify\">Gabinete de Prensa de CGT-PV<\/p>\n<p style=\"text-align: justify\">Para cualquier informaci\u00f3n adicional : tel. 666 452 470 (Antonio P\u00e9rez)<\/p>\n<p style=\"text-align: justify\"><a href=\"http:\/\/www.rojoynegro.info\/articulo\/sections\/ugt-mayoritaria-el-comite-ford-apoya-la-propuesta-la-empresa-suprimir-los-comedo-0\" target=\"_blank\">Rojo y Negro<\/a><\/p>\n<p style=\"text-align: justify\">\u00a0<\/p>\n","protected":false},"excerpt":{"rendered":"<p style=\"text-align: justify\">Los sindicatos contrarios a los recortes convocan concentraci\u00f3n para el 17 de julio, fecha del juicio promovido por Ford para reclamar a CC.OO., CGT y PUT una indemnizaci\u00f3n de 241.500 \u20ac como compensaci\u00f3n por las supuestas p\u00e9rdidas sufridas como consecuencia del paro del 22 de mayoEstaba cantado ; pero faltaba verlo para creerlo : \u00a1UGT ha aprobado todos y cada uno de los recortes anunciados por Ford ! En la reuni\u00f3n del Comit\u00e9 de Empresa (celebrada hoy, 8 de julio, a las 14\u00b430 h.) los 19 delegados de UGT han votado a favor de respaldar las medias de la direcci\u00f3n, mientras que los 14 restantes (de los otros tres sindicatos presentes en Ford) han votado una propuesta que rechazando las pretensiones de Ford, propon\u00eda la celebraci\u00f3n de un refer\u00e9ndum en el que la plantilla apoyara o rechazara la modificaci\u00f3n de sus condiciones de trabajo.<\/p>\n","protected":false},"author":72,"featured_media":0,"comment_status":"open","ping_status":"open","sticky":false,"template":"","format":"standard","meta":{"footnotes":"","_links_to":"","_links_to_target":""},"categories":[10],"tags":[],"class_list":["post-471","post","type-post","status-publish","format-standard","hentry","category-ford"],"publishpress_future_action":{"enabled":false,"date":"2026-05-07 00:29:11","action":"change-status","newStatus":"draft","terms":[],"taxonomy":"category","extraData":[]},"publishpress_future_workflow_manual_trigger":{"enabledWorkflows":[]},"_links":{"self":[{"href":"https:\/\/www.cgt-lkn.org\/bizkaia-gestamp\/wp-json\/wp\/v2\/posts\/471","targetHints":{"allow":["GET"]}}],"collection":[{"href":"https:\/\/www.cgt-lkn.org\/bizkaia-gestamp\/wp-json\/wp\/v2\/posts"}],"about":[{"href":"https:\/\/www.cgt-lkn.org\/bizkaia-gestamp\/wp-json\/wp\/v2\/types\/post"}],"author":[{"embeddable":true,"href":"https:\/\/www.cgt-lkn.org\/bizkaia-gestamp\/wp-json\/wp\/v2\/users\/72"}],"replies":[{"embeddable":true,"href":"https:\/\/www.cgt-lkn.org\/bizkaia-gestamp\/wp-json\/wp\/v2\/comments?post=471"}],"version-history":[{"count":1,"href":"https:\/\/www.cgt-lkn.org\/bizkaia-gestamp\/wp-json\/wp\/v2\/posts\/471\/revisions"}],"predecessor-version":[{"id":2544,"href":"https:\/\/www.cgt-lkn.org\/bizkaia-gestamp\/wp-json\/wp\/v2\/posts\/471\/revisions\/2544"}],"wp:attachment":[{"href":"https:\/\/www.cgt-lkn.org\/bizkaia-gestamp\/wp-json\/wp\/v2\/media?parent=471"}],"wp:term":[{"taxonomy":"category","embeddable":true,"href":"https:\/\/www.cgt-lkn.org\/bizkaia-gestamp\/wp-json\/wp\/v2\/categories?post=471"},{"taxonomy":"post_tag","embeddable":true,"href":"https:\/\/www.cgt-lkn.org\/bizkaia-gestamp\/wp-json\/wp\/v2\/tags?post=471"}],"curies":[{"name":"wp","href":"https:\/\/api.w.org\/{rel}","templated":true}]}}