{"id":4701,"date":"2016-09-23T07:07:43","date_gmt":"2016-09-23T07:07:43","guid":{"rendered":"http:\/\/www.cgt-lkn.org\/bizkaia\/gestamp\/?p=4701"},"modified":"2016-09-23T07:15:03","modified_gmt":"2016-09-23T07:15:03","slug":"limpieza-ropa","status":"publish","type":"post","link":"https:\/\/www.cgt-lkn.org\/bizkaia-gestamp\/2016\/09\/23\/limpieza-ropa\/","title":{"rendered":"Limpieza Ropa"},"content":{"rendered":"<p>La Secci\u00f3n Sindical de CGT-LKN en Gestamp Bizkaia ha \u00a0solicitado por escrito a la empresa:<\/p>\n<p><strong><span style=\"color: #ff0000\">Que la limpieza de ropa sea de c\u00f3mputo anual:<\/span><\/strong><\/p>\n<p>Actualmente hay un n\u00famero determinado de limpiezas de ropas al mes por trabajador\/a, pero hay meses en los que sobran limpiezas y otros en los que pueden faltar.<\/p>\n<p>Se ha dado alguna situaci\u00f3n en la que el trabajador\/a a mandado a limpiar la ropa a final de mes y \u00e9sta ha entrado en el siguiente mes sin ser \u00e9l o ella consciente de que \u00a0ese mes ha superado el n\u00famero de\u00a0 limpiezas estipulado para ese mes y se le ha cobrado.<\/p>\n<p>Lo que solicitamos es que si al a\u00f1o hay un total de X n\u00famero de limpiezas de ropa, que esta no sea mes a mes, sino que se vayan descontando de un computo anual hasta llegar a ese n\u00famero y a partir de ah\u00ed se le cobrar\u00eda al trabajador\/a.<\/p>\n<p>Pensamos que esta medida es razonable tanto para el trabajador\/a, \u00a0porque puede gestionar libremente la limpieza de ropa, como para la empresa, porque todas las limpiezas que no se realicen se ahorrar\u00edan y posiblemente la gesti\u00f3n de la limpieza de ropa por parte del departamento de RRHH sea m\u00e1s sencilla.<\/p>\n<p>&nbsp;<\/p>\n<p>PARA VER MAS PROPUESTAS E IDEAS QUE HEMOS COMUNICADO A AL EMPRESA ENTRA EN:<\/p>\n<blockquote class=\"wp-embedded-content\" data-secret=\"zjfoB41OzX\"><p><a href=\"https:\/\/www.cgt-lkn.org\/bizkaia-gestamp\/propuestas-e-ideas-3\/\">Propuestas e Ideas<\/a><\/p><\/blockquote>\n<p><iframe loading=\"lazy\" class=\"wp-embedded-content\" sandbox=\"allow-scripts\" security=\"restricted\" style=\"position: absolute; visibility: hidden;\" title=\"\u00abPropuestas e Ideas\u00bb \u2014 CGT-LKN Gestamp Bizkaia\" src=\"https:\/\/www.cgt-lkn.org\/bizkaia-gestamp\/propuestas-e-ideas-3\/embed\/#?secret=fkiEYxCGKG#?secret=zjfoB41OzX\" data-secret=\"zjfoB41OzX\" width=\"600\" height=\"338\" frameborder=\"0\" marginwidth=\"0\" marginheight=\"0\" scrolling=\"no\"><\/iframe><\/p>\n<p>&nbsp;<\/p>\n<p><img loading=\"lazy\" decoding=\"async\" class=\"aligncenter\" src=\"https:\/\/www.cgt-lkn.org\/bizkaia\/archivos\/ideas.png\" width=\"436\" height=\"66\" \/><\/p>\n","protected":false},"excerpt":{"rendered":"<p><a href=\"https:\/\/www.cgt-lkn.org\/bizkaia-gestamp\/propuestas-e-ideas-3\/\"><img loading=\"lazy\" decoding=\"async\" class=\"aligncenter\" src=\"https:\/\/www.cgt-lkn.org\/bizkaia\/archivos\/ideas.png\" width=\"674\" height=\"102\" \/><\/a><\/p>\n<p>La Secci\u00f3n Sindical de CGT-LKN en Gestamp Bizkaia ha \u00a0solicitado por escrito a la empresa:<\/p>\n<p><strong><span style=\"color: #ff0000\">Que la limpieza de ropa sea de c\u00f3mputo anual:<\/span><\/strong><\/p>\n<p>Actualmente hay un n\u00famero determinado de limpiezas de ropas al mes por trabajador\/a, pero hay meses en los que sobran limpiezas y otros en los que pueden faltar.<\/p>\n","protected":false},"author":72,"featured_media":0,"comment_status":"closed","ping_status":"open","sticky":false,"template":"","format":"standard","meta":{"footnotes":"","_links_to":"","_links_to_target":""},"categories":[13],"tags":[],"class_list":["post-4701","post","type-post","status-publish","format-standard","hentry","category-gestamp"],"publishpress_future_action":{"enabled":false,"date":"2026-05-07 06:03:42","action":"change-status","newStatus":"draft","terms":[],"taxonomy":"category","extraData":[]},"publishpress_future_workflow_manual_trigger":{"enabledWorkflows":[]},"_links":{"self":[{"href":"https:\/\/www.cgt-lkn.org\/bizkaia-gestamp\/wp-json\/wp\/v2\/posts\/4701","targetHints":{"allow":["GET"]}}],"collection":[{"href":"https:\/\/www.cgt-lkn.org\/bizkaia-gestamp\/wp-json\/wp\/v2\/posts"}],"about":[{"href":"https:\/\/www.cgt-lkn.org\/bizkaia-gestamp\/wp-json\/wp\/v2\/types\/post"}],"author":[{"embeddable":true,"href":"https:\/\/www.cgt-lkn.org\/bizkaia-gestamp\/wp-json\/wp\/v2\/users\/72"}],"replies":[{"embeddable":true,"href":"https:\/\/www.cgt-lkn.org\/bizkaia-gestamp\/wp-json\/wp\/v2\/comments?post=4701"}],"version-history":[{"count":2,"href":"https:\/\/www.cgt-lkn.org\/bizkaia-gestamp\/wp-json\/wp\/v2\/posts\/4701\/revisions"}],"predecessor-version":[{"id":4705,"href":"https:\/\/www.cgt-lkn.org\/bizkaia-gestamp\/wp-json\/wp\/v2\/posts\/4701\/revisions\/4705"}],"wp:attachment":[{"href":"https:\/\/www.cgt-lkn.org\/bizkaia-gestamp\/wp-json\/wp\/v2\/media?parent=4701"}],"wp:term":[{"taxonomy":"category","embeddable":true,"href":"https:\/\/www.cgt-lkn.org\/bizkaia-gestamp\/wp-json\/wp\/v2\/categories?post=4701"},{"taxonomy":"post_tag","embeddable":true,"href":"https:\/\/www.cgt-lkn.org\/bizkaia-gestamp\/wp-json\/wp\/v2\/tags?post=4701"}],"curies":[{"name":"wp","href":"https:\/\/api.w.org\/{rel}","templated":true}]}}