{"id":4694,"date":"2016-09-16T07:40:51","date_gmt":"2016-09-16T07:40:51","guid":{"rendered":"http:\/\/www.cgt-lkn.org\/bizkaia\/gestamp\/?p=4694"},"modified":"2016-09-16T07:46:45","modified_gmt":"2016-09-16T07:46:45","slug":"el-director-de-mercedes-benz-espana-ve-en-la-formacion-de-los-trabajadores-el-mayor-reto-del-sector","status":"publish","type":"post","link":"https:\/\/www.cgt-lkn.org\/bizkaia-gestamp\/2016\/09\/16\/el-director-de-mercedes-benz-espana-ve-en-la-formacion-de-los-trabajadores-el-mayor-reto-del-sector\/","title":{"rendered":"El director de Mercedes Benz Espa\u00f1a ve en la formaci\u00f3n de los trabajadores el mayor reto del sector"},"content":{"rendered":"<p><img loading=\"lazy\" decoding=\"async\" class=\"alignleft\" src=\"http:\/\/imagenes.lainformacion.com\/2016\/09\/14\/economia-negocios-y-finanzas\/motor\/Mercedes-Benz-Espana-formacion-trabajadores_953615986_113369300_667x375.jpg\" alt=\"El director de Mercedes Benz Espa\u00f1a ve en la formaci\u00f3n de los trabajadores el mayor reto del sector\" width=\"319\" height=\"179\" \/><\/p>\n<p class=\"mce\" style=\"line-height: 16.5pt;background: white;margin: 0cm 0cm 11.25pt 0cm\"><span style=\"font-family: 'Arial','sans-serif';color: #333333\">El director general de Mercedes Benz Espa\u00f1a, Emilio Titos, considera que la formaci\u00f3n es el \u00abmayor reto\u00bb y una de las oportunidades a las que se enfrenta el sector de la automoci\u00f3n en el futuro. \u00abLa f\u00e1brica del futuro depender\u00e1 del nivel de inteligencia que alcancemos con nuestra gente\u00bb, ha subrayado en una jornada empresarial en la que ha abogado por un pacto por la educaci\u00f3n, ha defendido la importancia de la formaci\u00f3n dual y ha advertido sobre la necesidad de reorientar la universidad para que \u00e9sta d\u00e9 soporte a las necesidades del tejido productivo.<\/span><\/p>\n<p class=\"mce\" style=\"line-height: 16.5pt;background: white;margin: 0cm 0cm 11.25pt 0cm\"><span style=\"font-family: 'Arial','sans-serif';color: #333333\">Durante su intervenci\u00f3n en la jornada \u00abNuevos tiempos, nuevos retos para las empresas vascas\u00bb, organizada por Deloitte y APD, Titos ha destacado que el sector espa\u00f1ol de la automoci\u00f3n ha hecho sus deberes durante la crisis y ha conseguido crecer.<\/span><\/p>\n<p class=\"mce\" style=\"line-height: 16.5pt;background: white;text-align: start;margin: 0cm 0cm 11.25pt 0cm\"><span style=\"font-family: 'Arial','sans-serif';color: #333333\">El responsable de Mercedes ha atribuido esta mejora, superior a la de pa\u00edses como por ejemplo Francia e Italia, a \u00abpalancas\u00bb como el di\u00e1logo social, la colaboraci\u00f3n con las diferentes administraciones p\u00fablicas, la flexibilidad, el fuerte tejido de la industria auxiliar, la agilidad en la gesti\u00f3n de los proyectos industriales y la confianza generada.<\/span><\/p>\n<p class=\"mce\" style=\"line-height: 16.5pt;background: white;text-align: start;margin: 0cm 0cm 11.25pt 0cm\"><span style=\"font-family: 'Arial','sans-serif';color: #333333\"> Seg\u00fan los datos que ha aportado, Espa\u00f1a es ya el octavo productor mundial de veh\u00edculos -responsable del 3% de la producci\u00f3n global- y desde 2013 ha sido capaz de generar 5.960 empleos -2.000 de ellos en la planta vitoriana de Mercedes Benz-. Adem\u00e1s, el a\u00f1o pr\u00f3ximo se ha marcado como objetivo alcanzar los tres millones de veh\u00edculos producidos.<\/span><\/p>\n<p class=\"mce\" style=\"line-height: 16.5pt;background: white;text-align: start;margin: 0cm 0cm 11.25pt 0cm\"><span style=\"font-family: 'Arial','sans-serif';color: #333333\">Entre los retos a los que se enfrenta el sector, Titos ha mencionado la mejora \u00abconstante\u00bb de la competitividad, luchar contra el deterioro del parque de renovaci\u00f3n de veh\u00edculos y poner en marcha un nuevo modelo de negocio de \u00abservicios de movilidad\u00bb orientado a la conectividad y que d\u00e9 respuesta a las nuevas demandas de los j\u00f3venes. Junto a ello, ha incidido en la necesidad de lograr \u00abun marco de legalidad que nos d\u00e9 seguridad a todos para hacer inversiones de futuro\u00bb.<\/span><\/p>\n<p class=\"mce\" style=\"line-height: 16.5pt;background: white;text-align: start;margin: 0cm 0cm 11.25pt 0cm\"><span style=\"font-family: 'Arial','sans-serif';color: #333333\">El responsable empresarial se ha referido, igualmente, a los nuevos conceptos de fabricaci\u00f3n que llevan aparejados la \u00abf\u00e1brica inteligente\u00bb, en la que se producir\u00e1 un \u00abcambio fort\u00edsimo en la relaci\u00f3n entre las personas y la automatizaci\u00f3n\u00bb. En este sentido, ha indicado que \u00abla digitalizaci\u00f3n debe ayudar a robustecer nuestros procesos y a mejorar la calidad\u00bb y, como ejemplo de esto \u00faltimo, ha explicado que estos procesos digitales pueden reducir de 30 a 18 los meses necesarios para el dise\u00f1o de un nuevo veh\u00edculo.<\/span><\/p>\n<p class=\"mce\" style=\"line-height: 16.5pt;background: white;text-align: start;margin: 0cm 0cm 11.25pt 0cm\"><span style=\"font-family: 'Arial','sans-serif';color: #333333\">\u00abF\u00c1BRICA DEL FUTURO\u00bb<\/span><\/p>\n<p class=\"mce\" style=\"line-height: 16.5pt;background: white;text-align: start;margin: 0cm 0cm 11.25pt 0cm\"><span style=\"font-family: 'Arial','sans-serif';color: #333333\">No obstante, ha remarcado que \u00abla f\u00e1brica del futuro depender\u00e1 del nivel de inteligencia que alcancemos con nuestra gente\u00bb y ha llamado la atenci\u00f3n sobre la necesidad del \u00abtrabajo de cada persona para conseguir unos medios productivos m\u00e1s eficientes\u00bb.<\/span><\/p>\n<p class=\"mce\" style=\"line-height: 16.5pt;background: white;text-align: start;margin: 0cm 0cm 11.25pt 0cm\"><span style=\"font-family: 'Arial','sans-serif';color: #333333\">\u00abEs algo que tenemos que asumir toda la plantilla de cada f\u00e1brica\u00bb, ha dicho, al tiempo que ha afirmado que, por eso, es fundamental el \u00abdominio de las nuevas tecnolog\u00edas\u00bb. Por ello, ha hecho hincapi\u00e9 en que \u00abtenemos que formar a nuestra gente\u00bb para \u00abllevar el conocimiento a los trabajadores de nuestras f\u00e1bricas\u00bb.<\/span><\/p>\n<p class=\"mce\" style=\"line-height: 16.5pt;background: white;text-align: start;margin: 0cm 0cm 11.25pt 0cm\"><span style=\"font-family: 'Arial','sans-serif';color: #333333\">Asimismo, Titos ha asegurado que \u00abla flexibilidad y la agilidad nos han dado el plus para recibir proyectos de industrializaci\u00f3n\u00bb, raz\u00f3n por la cual considera que \u00abtenemos que seguir haci\u00e9ndolo\u00bb.<\/span><\/p>\n<p class=\"mce\" style=\"line-height: 16.5pt;background: white;text-align: start;margin: 0cm 0cm 11.25pt 0cm\"><span style=\"font-family: 'Arial','sans-serif';color: #333333\">En su alocuci\u00f3n, el director de la planta de Mercedes en Vitoria ha abogado por \u00abun pacto por la educaci\u00f3n\u00bb y por unos presupuestos \u00absostenibles\u00bb de las administraciones p\u00fablicas, por la formaci\u00f3n dual y por \u00abreorientar la universidad a dar soporte a la estructura productiva del pa\u00eds\u00bb.<\/span><\/p>\n","protected":false},"excerpt":{"rendered":"<p><a href=\"https:\/\/www.cgt-lkn.org\/bizkaia-gestamp\/?p=4694&amp;preview=true\"><img loading=\"lazy\" decoding=\"async\" class=\"alignleft\" src=\"http:\/\/imagenes.lainformacion.com\/2016\/09\/14\/economia-negocios-y-finanzas\/motor\/Mercedes-Benz-Espana-formacion-trabajadores_953615986_113369300_667x375.jpg\" alt=\"El director de Mercedes Benz Espa\u00f1a ve en la formaci\u00f3n de los trabajadores el mayor reto del sector\" width=\"319\" height=\"179\" \/><\/a>El director general de Mercedes Benz Espa\u00f1a, Emilio Titos, considera que la formaci\u00f3n es el \u00abmayor reto\u00bb y una de las oportunidades a las que se enfrenta el sector de la automoci\u00f3n en el futuro. \u00abLa f\u00e1brica del futuro depender\u00e1 del nivel de inteligencia que alcancemos con nuestra gente\u00bb, ha subrayado en una jornada empresarial en la que ha abogado por un pacto por la educaci\u00f3n, ha defendido la importancia de la formaci\u00f3n dual y ha advertido sobre la necesidad de reorientar la universidad para que \u00e9sta d\u00e9 soporte a las necesidades del tejido productivo.<\/p>\n","protected":false},"author":72,"featured_media":0,"comment_status":"closed","ping_status":"open","sticky":false,"template":"","format":"standard","meta":{"footnotes":"","_links_to":"","_links_to_target":""},"categories":[5,1,16,22],"tags":[],"class_list":["post-4694","post","type-post","status-publish","format-standard","hentry","category-automocion","category-general","category-mercedes","category-en-la-prensa"],"publishpress_future_action":{"enabled":false,"date":"2026-05-02 10:32:32","action":"change-status","newStatus":"draft","terms":[],"taxonomy":"category","extraData":[]},"publishpress_future_workflow_manual_trigger":{"enabledWorkflows":[]},"_links":{"self":[{"href":"https:\/\/www.cgt-lkn.org\/bizkaia-gestamp\/wp-json\/wp\/v2\/posts\/4694","targetHints":{"allow":["GET"]}}],"collection":[{"href":"https:\/\/www.cgt-lkn.org\/bizkaia-gestamp\/wp-json\/wp\/v2\/posts"}],"about":[{"href":"https:\/\/www.cgt-lkn.org\/bizkaia-gestamp\/wp-json\/wp\/v2\/types\/post"}],"author":[{"embeddable":true,"href":"https:\/\/www.cgt-lkn.org\/bizkaia-gestamp\/wp-json\/wp\/v2\/users\/72"}],"replies":[{"embeddable":true,"href":"https:\/\/www.cgt-lkn.org\/bizkaia-gestamp\/wp-json\/wp\/v2\/comments?post=4694"}],"version-history":[{"count":3,"href":"https:\/\/www.cgt-lkn.org\/bizkaia-gestamp\/wp-json\/wp\/v2\/posts\/4694\/revisions"}],"predecessor-version":[{"id":4696,"href":"https:\/\/www.cgt-lkn.org\/bizkaia-gestamp\/wp-json\/wp\/v2\/posts\/4694\/revisions\/4696"}],"wp:attachment":[{"href":"https:\/\/www.cgt-lkn.org\/bizkaia-gestamp\/wp-json\/wp\/v2\/media?parent=4694"}],"wp:term":[{"taxonomy":"category","embeddable":true,"href":"https:\/\/www.cgt-lkn.org\/bizkaia-gestamp\/wp-json\/wp\/v2\/categories?post=4694"},{"taxonomy":"post_tag","embeddable":true,"href":"https:\/\/www.cgt-lkn.org\/bizkaia-gestamp\/wp-json\/wp\/v2\/tags?post=4694"}],"curies":[{"name":"wp","href":"https:\/\/api.w.org\/{rel}","templated":true}]}}