{"id":469,"date":"2008-07-09T09:05:48","date_gmt":"2008-07-09T09:05:48","guid":{"rendered":"http:\/\/www.cgt-lkn.org\/bizkaia\/estampa\/?p=469"},"modified":"2013-11-14T14:04:47","modified_gmt":"2013-11-14T14:04:47","slug":"ford-espana-denuncia-a-los-sindicatos-convocantes-de-los-paros-del-22-de-mayo-y-les-reclama-241-500-e","status":"publish","type":"post","link":"https:\/\/www.cgt-lkn.org\/bizkaia-gestamp\/2008\/07\/09\/ford-espana-denuncia-a-los-sindicatos-convocantes-de-los-paros-del-22-de-mayo-y-les-reclama-241-500-e\/","title":{"rendered":"Ford Espa\u00f1a denuncia a los sindicatos convocantes de los paros del 22 de mayo y les reclama 241.500 \u20ac"},"content":{"rendered":"<p style=\"text-align: justify\"><strong>El juicio por esta demanda se celebra el pr\u00f3ximo 17 de mayo, a las 10, 30 h. en la Ciudad de la JusticiaLa direcci\u00f3n de Ford ha demandado a los sindicatos que convocaron los paros de dos horas y media por turno el pasado 22 de mayo. La empresa acusa a los sindicatos CC.OO., CGT y PUT de haberle ocasionado unas p\u00e9rdidas en la producci\u00f3n de 241.500 euros ; algo que no cuadra muy bien con las informaciones que Ford facilit\u00f3 a los medios el d\u00eda de los paros, seg\u00fan las cuales la producci\u00f3n hab\u00eda sido la de una jornada normal de trabajo. Para exigir a estos tres sindicatos del Comit\u00e9 (el otro es UGT, que no apoy\u00f3 los paros) el pago de la citada cantidad, Ford pretende que los juzgados declaren \u00abilegal\u00bb la huelga, porque \u2013seg\u00fan su peculiar interpretaci\u00f3n de la ley- las protestas deber\u00edan haberse realizado una vez puestos en marcha los recortes comunicados repetidamente a la plantilla y los sindicatos desde primeros de mayo.<\/strong><\/p>\n<p style=\"text-align: justify\">Para CGT carece de toda l\u00f3gica que Ford pretenda dar lecciones de jurisprudencia y democracia a los trabajadores y a sus sindicatos, despu\u00e9s de la lamentable actuaci\u00f3n antisindical que se vivi\u00f3 en la f\u00e1brica durante la jornada del 22 de mayo. Ese d\u00eda la empresa no respet\u00f3 la libertad de los empleados, especialmente de los eventuales, ya que muchos mandos se dedicaron a presionar y a \u00abaconsejar\u00bb a sus subordinados para que no se sumaran al paro (algo que muchos j\u00f3venes hubieran hecho de no mediar las amenazas de la empresa).<\/p>\n<p style=\"text-align: justify\">Adem\u00e1s de la campa\u00f1a de intimidaci\u00f3n a los eventuales, tambi\u00e9n se produjeron situaciones absolutamente ilegales, como las consistentes en poner a trabajadores de otros turnos en los puestos de trabajo que abandonaban los empleados en huelga. Esta pr\u00e1ctica est\u00e1 claramente prohibida por la ley, por lo que Ford se enfrenta a varias denuncias por fomentar el \u00abesquirolaje\u00bb e intentar romper la huelga con actuaciones ilegales.<\/p>\n<p style=\"text-align: justify\">La vista por la demanda de Ford contra los sindicatos est\u00e1 prevista para el pr\u00f3ximo 17 de julio, a las 10\u00b430 h. en la Ciudad de la Justicia de Valencia (Avda. del Saler, 14) y se est\u00e1 estudiando la convocatoria de una concentraci\u00f3n paralela, en la que los trabajadores de Ford y sindicalistas de otras empresas respalden la leg\u00edtima actuaci\u00f3n de las personas y \u00f3rganos de los sindicatos que firmaron la declaraci\u00f3n de huelga.<\/p>\n<p style=\"text-align: justify\">Gabinete de Prensa de CGT-PV<\/p>\n<p style=\"text-align: justify\"><a href=\"http:\/\/www.rojoynegro.info\/articulo\/sections\/ford-espana-denuncia-los-sindicatos-convocantes-los-paros-del-22-mayo-les-reclam-0\" target=\"_blank\">\u00a0Rojo y Negro<\/a><\/p>\n","protected":false},"excerpt":{"rendered":"<p style=\"text-align: justify\">El juicio por esta demanda se celebra el pr\u00f3ximo 17 de mayo, a las 10, 30 h. en la Ciudad de la JusticiaLa direcci\u00f3n de Ford ha demandado a los sindicatos que convocaron los paros de dos horas y media por turno el pasado 22 de mayo. La empresa acusa a los sindicatos CC.OO., CGT y PUT de haberle ocasionado unas p\u00e9rdidas en la producci\u00f3n de 241.500 euros ; algo que no cuadra muy bien con las informaciones que Ford facilit\u00f3 a los medios el d\u00eda de los paros, seg\u00fan las cuales la producci\u00f3n hab\u00eda sido la de una jornada normal de trabajo. Para exigir a estos tres sindicatos del Comit\u00e9 (el otro es UGT, que no apoy\u00f3 los paros) el pago de la citada cantidad, Ford pretende que los juzgados declaren \u00abilegal\u00bb la huelga, porque \u2013seg\u00fan su peculiar interpretaci\u00f3n de la ley- las protestas deber\u00edan haberse realizado una vez puestos en marcha los recortes comunicados repetidamente a la plantilla y los sindicatos desde primeros de mayo.<\/p>\n","protected":false},"author":72,"featured_media":0,"comment_status":"open","ping_status":"open","sticky":false,"template":"","format":"standard","meta":{"footnotes":"","_links_to":"","_links_to_target":""},"categories":[10],"tags":[],"class_list":["post-469","post","type-post","status-publish","format-standard","hentry","category-ford"],"publishpress_future_action":{"enabled":false,"date":"2026-05-07 01:52:10","action":"change-status","newStatus":"draft","terms":[],"taxonomy":"category","extraData":[]},"publishpress_future_workflow_manual_trigger":{"enabledWorkflows":[]},"_links":{"self":[{"href":"https:\/\/www.cgt-lkn.org\/bizkaia-gestamp\/wp-json\/wp\/v2\/posts\/469","targetHints":{"allow":["GET"]}}],"collection":[{"href":"https:\/\/www.cgt-lkn.org\/bizkaia-gestamp\/wp-json\/wp\/v2\/posts"}],"about":[{"href":"https:\/\/www.cgt-lkn.org\/bizkaia-gestamp\/wp-json\/wp\/v2\/types\/post"}],"author":[{"embeddable":true,"href":"https:\/\/www.cgt-lkn.org\/bizkaia-gestamp\/wp-json\/wp\/v2\/users\/72"}],"replies":[{"embeddable":true,"href":"https:\/\/www.cgt-lkn.org\/bizkaia-gestamp\/wp-json\/wp\/v2\/comments?post=469"}],"version-history":[{"count":1,"href":"https:\/\/www.cgt-lkn.org\/bizkaia-gestamp\/wp-json\/wp\/v2\/posts\/469\/revisions"}],"predecessor-version":[{"id":2545,"href":"https:\/\/www.cgt-lkn.org\/bizkaia-gestamp\/wp-json\/wp\/v2\/posts\/469\/revisions\/2545"}],"wp:attachment":[{"href":"https:\/\/www.cgt-lkn.org\/bizkaia-gestamp\/wp-json\/wp\/v2\/media?parent=469"}],"wp:term":[{"taxonomy":"category","embeddable":true,"href":"https:\/\/www.cgt-lkn.org\/bizkaia-gestamp\/wp-json\/wp\/v2\/categories?post=469"},{"taxonomy":"post_tag","embeddable":true,"href":"https:\/\/www.cgt-lkn.org\/bizkaia-gestamp\/wp-json\/wp\/v2\/tags?post=469"}],"curies":[{"name":"wp","href":"https:\/\/api.w.org\/{rel}","templated":true}]}}