{"id":4631,"date":"2016-07-20T06:40:34","date_gmt":"2016-07-20T04:40:34","guid":{"rendered":"http:\/\/www.cgt-lkn.org\/bizkaia\/gestamp\/?p=4631"},"modified":"2018-04-10T17:54:29","modified_gmt":"2018-04-10T15:54:29","slug":"ford-despedira-a-430-trabajadores-en-valencia-por-la-menor-demanda","status":"publish","type":"post","link":"https:\/\/www.cgt-lkn.org\/bizkaia-gestamp\/2016\/07\/20\/ford-despedira-a-430-trabajadores-en-valencia-por-la-menor-demanda\/","title":{"rendered":"Ford despedir\u00e1 a 430 trabajadores en Valencia por la menor demanda"},"content":{"rendered":"<p><img loading=\"lazy\" decoding=\"async\" class=\"alignleft\" src=\"http:\/\/economia.elpais.com\/economia\/imagenes\/2016\/07\/19\/actualidad\/1468930512_216472_1468930644_noticia_grande.jpg\" width=\"160\" height=\"95\" \/><\/p>\n<h2 class=\"articulo-subtitulo\">Unidas a las 160 no renovaciones previstas, este a\u00f1o saldr\u00e1n 600 empleados<\/h2>\n<p>La f\u00e1brica <a href=\"http:\/\/elpais.com\/tag\/ford_motor_company\/a\">de Ford<\/a> en Almussafes, en Valencia, ha anunciado este martes a los trabajadores el despido de unas 430 personas debido a la previsi\u00f3n de <a href=\"http:\/\/ccaa.elpais.com\/ccaa\/2015\/02\/05\/valencia\/1423134161_612780.html\">una menor demanda<\/a> de veh\u00edculos, y por tanto de unas necesidades de producci\u00f3n inferiores. <a href=\"http:\/\/elpais.com\/tag\/ugt_union_general_trabajadores\/a\">UGT<\/a>, el sindicato mayoritario en la planta, ha expresado su oposici\u00f3n a la medida y su intenci\u00f3n de plantear \u00abalternativas\u00bb.<\/p>\n<p>El secretario general de UGT en la factor\u00eda, Carlos Faubel, ha indicado que, sumados a los 160 contratos que la compa\u00f1\u00eda no ten\u00eda previsto renovar a finales de julio, la salida total de trabajadores este a\u00f1o ascender\u00e1n a cerca de 600, \u00abun escenario que no vamos a aceptar\u00bb, ha declarado a este peri\u00f3dico. \u00abVamos a pedir a la empresa la apertura de negociaciones para mitigar el impacto todo lo posible\u00bb, ha a\u00f1adido.<\/p>\n<p>La compa\u00f1\u00eda ha justificado los despidos por la previsi\u00f3n de menores ventas. La planta de Almussafes fabrica cinco modelos de autom\u00f3viles para toda Europa as\u00ed como varios tipos de motores. La planificaci\u00f3n inicial contemplaba que este a\u00f1o se alcanzase la producci\u00f3n de 2.000 unidades diarias y, sin embargo, la evoluci\u00f3n del mercado ha hecho que la cifra ahora se sit\u00fae en unas 1.700.<\/p>\n<p>Faubel ha desvinculado la decisi\u00f3n de la compa\u00f1\u00eda del Brexit. \u00abHasta donde sabemos no est\u00e1 relacionado, y eso es preocupante por los efectos a\u00f1adidos que puede tener. Es hora de que los Gobiernos europeos act\u00faen\u00bb, ha declarado.<\/p>\n<p>Almussafes emplea en estos momentos a 9.200 personas. Despu\u00e9s de una etapa complicada, cuando el n\u00famero de trabajadores descendi\u00f3 a 6.000, hace cuatro a\u00f1os la planta se afianz\u00f3 al quedar como productora exclusiva de motores y grandes veh\u00edculos de la compa\u00f1\u00eda para Europa. En el proceso, Ford cerr\u00f3 una planta de B\u00e9lgica, trasladando su fabricaci\u00f3n a Valencia.<\/p>\n<p>En la factor\u00eda de Almussafes se producen las distintas variantes de Transit, Kuga (cuya nueva hornada se lanzar\u00e1 en septiembre), S-Max, Galaxy y Mondeo.<\/p>\n","protected":false},"excerpt":{"rendered":"<p><a href=\"https:\/\/www.cgt-lkn.org\/bizkaia-gestamp\/?p=4631&amp;preview=true\"><img loading=\"lazy\" decoding=\"async\" class=\"alignleft\" src=\"http:\/\/economia.elpais.com\/economia\/imagenes\/2016\/07\/19\/actualidad\/1468930512_216472_1468930644_noticia_grande.jpg\" width=\"160\" height=\"95\" \/><\/a>La f\u00e1brica <a href=\"http:\/\/elpais.com\/tag\/ford_motor_company\/a\">de Ford<\/a> en Almussafes, en Valencia, ha anunciado este martes a los trabajadores el despido de unas 430 personas debido a la previsi\u00f3n de <a href=\"http:\/\/ccaa.elpais.com\/ccaa\/2015\/02\/05\/valencia\/1423134161_612780.html\">una menor demanda<\/a> de veh\u00edculos, y por tanto de unas necesidades de producci\u00f3n inferiores. <a href=\"http:\/\/elpais.com\/tag\/ugt_union_general_trabajadores\/a\">UGT<\/a>, el sindicato mayoritario en la planta, ha expresado su oposici\u00f3n a la medida y su intenci\u00f3n de plantear \u00abalternativas\u00bb.<\/p>\n","protected":false},"author":72,"featured_media":0,"comment_status":"closed","ping_status":"open","sticky":false,"template":"","format":"standard","meta":{"footnotes":"","_links_to":"","_links_to_target":""},"categories":[5,10,1,22],"tags":[],"class_list":["post-4631","post","type-post","status-publish","format-standard","hentry","category-automocion","category-ford","category-general","category-en-la-prensa"],"publishpress_future_action":{"enabled":false,"date":"2026-05-07 00:13:17","action":"change-status","newStatus":"draft","terms":[],"taxonomy":"category","extraData":[]},"publishpress_future_workflow_manual_trigger":{"enabledWorkflows":[]},"_links":{"self":[{"href":"https:\/\/www.cgt-lkn.org\/bizkaia-gestamp\/wp-json\/wp\/v2\/posts\/4631","targetHints":{"allow":["GET"]}}],"collection":[{"href":"https:\/\/www.cgt-lkn.org\/bizkaia-gestamp\/wp-json\/wp\/v2\/posts"}],"about":[{"href":"https:\/\/www.cgt-lkn.org\/bizkaia-gestamp\/wp-json\/wp\/v2\/types\/post"}],"author":[{"embeddable":true,"href":"https:\/\/www.cgt-lkn.org\/bizkaia-gestamp\/wp-json\/wp\/v2\/users\/72"}],"replies":[{"embeddable":true,"href":"https:\/\/www.cgt-lkn.org\/bizkaia-gestamp\/wp-json\/wp\/v2\/comments?post=4631"}],"version-history":[{"count":1,"href":"https:\/\/www.cgt-lkn.org\/bizkaia-gestamp\/wp-json\/wp\/v2\/posts\/4631\/revisions"}],"predecessor-version":[{"id":4632,"href":"https:\/\/www.cgt-lkn.org\/bizkaia-gestamp\/wp-json\/wp\/v2\/posts\/4631\/revisions\/4632"}],"wp:attachment":[{"href":"https:\/\/www.cgt-lkn.org\/bizkaia-gestamp\/wp-json\/wp\/v2\/media?parent=4631"}],"wp:term":[{"taxonomy":"category","embeddable":true,"href":"https:\/\/www.cgt-lkn.org\/bizkaia-gestamp\/wp-json\/wp\/v2\/categories?post=4631"},{"taxonomy":"post_tag","embeddable":true,"href":"https:\/\/www.cgt-lkn.org\/bizkaia-gestamp\/wp-json\/wp\/v2\/tags?post=4631"}],"curies":[{"name":"wp","href":"https:\/\/api.w.org\/{rel}","templated":true}]}}