{"id":463,"date":"2008-07-18T09:02:20","date_gmt":"2008-07-18T09:02:20","guid":{"rendered":"http:\/\/www.cgt-lkn.org\/bizkaia\/estampa\/?p=463"},"modified":"2013-11-14T14:04:46","modified_gmt":"2013-11-14T14:04:46","slug":"respuesta-a-lab-2","status":"publish","type":"post","link":"https:\/\/www.cgt-lkn.org\/bizkaia-gestamp\/2008\/07\/18\/respuesta-a-lab-2\/","title":{"rendered":"Respuesta a LAB"},"content":{"rendered":"<p style=\"text-align: justify\">Desde LKN-CGT manifestamos lo siguiente:<br \/>Desde el comienzo de nuestra andadura como secci\u00f3n sindical los representantes de LAB han mostrado rechazo hacia nuestra organizaci\u00f3n. Cu\u00e1l es el motivo que les lleva a ello es un misterio. \u00bfEn que les ofendemos si se puede saber?<br \/>Los motivos que nos llevaron y nos volver\u00edan a llevar a salirnos de la mesa de negociaci\u00f3n, fueron el incumplimiento de nuestros m\u00ednimos aceptables reivindicados hasta el \u00faltimo momento. Actitud abalada por nuestra afiliaci\u00f3n. En el contenido del documento \u201cS\u00e9 lo que hicisteis el \u00faltimo convenio\u201d queda claro. Lo podeis comprobar en nuestra WEB o bien solicit\u00e1ndolo a nuestros representantes. <br \/>Una vez elaborada la plataforma conjunta (entre todos los sindicatos) ya no hay aportaciones de uno u otro, si no las reivindicaciones de todos. Puntos que no deber\u00edan ponerse para contentar o callar a los otros sindicatos, se ponen para defenderse como propios. El botiqu\u00edn 24 horas y que la incapacidad transitoria se cobrase el 100%, como ya lo hace una parte considerable de la plantilla,(puntos que expresamos ante las otras formaciones como de m\u00e1xima importancia para obtener nuestro apoyo) son reividicaciones desechadas. LAB, en un principio tambi\u00e9n apoyaba esta idea \u201cinveros\u00edmil\u201d de la enfermer\u00eda 24h y ahora se burla.<br \/>Es curiosa la situaci\u00f3n del convenio provincial, donde no firma LAB por que tiene \u201cun contenido escaso y esencialmente de car\u00e1cter econ\u00f3mico\u201d y aqu\u00ed pone otra cara, ya que en Estampaciones lo que se dan principalmente son mejoras econ\u00f3micas y no sociales. Creemos que el sindicato LAB se equivoca descalific\u00e1ndonos y faltando a la verdad. <br \/>A l@s anarquistas siempre se les ha tachado de loc@s ut\u00f3pic@s\u2026pero lo que en su d\u00eda se consideraba utop\u00eda, imposible de alcanzar, lo disfrutamos actualmente. Sabemos que nadie nos va a regalar nada, pero por eso no vamos a dejar de luchar por lo que nos parece justo.<\/p>\n<p style=\"text-align: justify\">Os invitamos a seguir debatiendo, ten\u00e9is a vuestra disposici\u00f3n el foro de estampa en: <strong><a href=\"https:\/\/www.cgt-lkn.org\/foro\/\" target=\"_blank\">https:\/\/www.cgt-lkn.org\/foro\/<\/a><\/strong><br \/>Felices vacaciones.<\/p>\n","protected":false},"excerpt":{"rendered":"<p style=\"text-align: justify\">Desde LKN-CGT manifestamos lo siguiente: Desde el comienzo de nuestra andadura como secci\u00f3n sindical los representantes de LAB han mostrado rechazo hacia nuestra organizaci\u00f3n. Cu\u00e1l es el motivo que les lleva a ello es un misterio. \u00bfEn que les ofendemos si se puede saber? Los motivos que nos llevaron y nos volver\u00edan a llevar a salirnos de la mesa de negociaci\u00f3n, fueron el incumplimiento de nuestros m\u00ednimos aceptables reivindicados hasta el \u00faltimo momento. Actitud abalada por nuestra afiliaci\u00f3n. En el contenido del documento \u201cS\u00e9 lo que hicisteis el \u00faltimo convenio\u201d queda claro. Lo podeis comprobar en nuestra WEB o bien solicit\u00e1ndolo a nuestros representantes.<\/p>\n","protected":false},"author":72,"featured_media":0,"comment_status":"open","ping_status":"open","sticky":false,"template":"","format":"standard","meta":{"footnotes":"","_links_to":"","_links_to_target":""},"categories":[1],"tags":[],"class_list":["post-463","post","type-post","status-publish","format-standard","hentry","category-general"],"publishpress_future_action":{"enabled":false,"date":"2026-05-07 06:02:59","action":"change-status","newStatus":"draft","terms":[],"taxonomy":"category","extraData":[]},"publishpress_future_workflow_manual_trigger":{"enabledWorkflows":[]},"_links":{"self":[{"href":"https:\/\/www.cgt-lkn.org\/bizkaia-gestamp\/wp-json\/wp\/v2\/posts\/463","targetHints":{"allow":["GET"]}}],"collection":[{"href":"https:\/\/www.cgt-lkn.org\/bizkaia-gestamp\/wp-json\/wp\/v2\/posts"}],"about":[{"href":"https:\/\/www.cgt-lkn.org\/bizkaia-gestamp\/wp-json\/wp\/v2\/types\/post"}],"author":[{"embeddable":true,"href":"https:\/\/www.cgt-lkn.org\/bizkaia-gestamp\/wp-json\/wp\/v2\/users\/72"}],"replies":[{"embeddable":true,"href":"https:\/\/www.cgt-lkn.org\/bizkaia-gestamp\/wp-json\/wp\/v2\/comments?post=463"}],"version-history":[{"count":1,"href":"https:\/\/www.cgt-lkn.org\/bizkaia-gestamp\/wp-json\/wp\/v2\/posts\/463\/revisions"}],"predecessor-version":[{"id":2542,"href":"https:\/\/www.cgt-lkn.org\/bizkaia-gestamp\/wp-json\/wp\/v2\/posts\/463\/revisions\/2542"}],"wp:attachment":[{"href":"https:\/\/www.cgt-lkn.org\/bizkaia-gestamp\/wp-json\/wp\/v2\/media?parent=463"}],"wp:term":[{"taxonomy":"category","embeddable":true,"href":"https:\/\/www.cgt-lkn.org\/bizkaia-gestamp\/wp-json\/wp\/v2\/categories?post=463"},{"taxonomy":"post_tag","embeddable":true,"href":"https:\/\/www.cgt-lkn.org\/bizkaia-gestamp\/wp-json\/wp\/v2\/tags?post=463"}],"curies":[{"name":"wp","href":"https:\/\/api.w.org\/{rel}","templated":true}]}}