{"id":4627,"date":"2016-07-14T19:36:49","date_gmt":"2016-07-14T19:36:49","guid":{"rendered":"http:\/\/www.cgt-lkn.org\/bizkaia\/gestamp\/?p=4627"},"modified":"2016-07-14T19:36:49","modified_gmt":"2016-07-14T19:36:49","slug":"la-hucha-de-las-pensiones-suena-a-hueco","status":"publish","type":"post","link":"https:\/\/www.cgt-lkn.org\/bizkaia-gestamp\/2016\/07\/14\/la-hucha-de-las-pensiones-suena-a-hueco\/","title":{"rendered":"LA HUCHA DE LAS PENSIONES SUENA A HUECO"},"content":{"rendered":"<p class=\"x_MsoNormal\"><b>Es una vieja estrategia esta de jugar con el miedo de la gente, pero parece que sigue funcionando.<\/b><\/p>\n<p class=\"x_MsoNormal\"><img loading=\"lazy\" decoding=\"async\" src=\"https:\/\/attachment.outlook.office.net\/owa\/gorkaamo33@hotmail.com\/service.svc\/s\/GetFileAttachment?id=AQMkADAwATZiZmYAZC05NzlkLWUwM2QtMDACLTAwCgBGAAADrOqiW29pGUelssw5O0UzhwcAxgfS2HyHjECZ10r3%2FT66WgAAAgEMAAAAxgfS2HyHjECZ10r3%2FT66WgAAAgVcAAAAARIAEABkY%2F7RSs2VQpubADf%2BGq5LWg%3D%3D&amp;X-OWA-CANARY=2o0ZC6AuW0GodnWJeq-FnhBq8VMdrNMYyVbp3Fr9pbWAOnGg7I2CTpzcWY2Ev9K5Yrsr7WL_Btw.&amp;token=eb57a576-222f-4911-acd3-65980cebce50&amp;owa=outlook.live.com&amp;isc=1\" alt=\"https:\/\/encrypted-tbn0.gstatic.com\/images?q=tbn:ANd9GcRmAJjuHZfJgg-efM3L7MxgZ7JtJqMqD6AAskrlrfOGixGqaNkA\" width=\"405\" height=\"237\" align=\"left\" hspace=\"12\" \/>Amenazar insistentemente con el agotamiento del Fondo de Reserva de la Seguridad Social es una estrategia calculada por el gobierno accidental de cara a ir preparando el camino para un nuevo recorte del sistema p\u00fablico de pensiones.<\/p>\n<p class=\"x_MsoNormal\">La medida es tan simplista como mentirosa, parte de una falacia evidente: no hay dinero en la hucha, luego no hay recursos para las pensiones as\u00ed que habr\u00e1 que recortarlas, se saca el miedo a pasear y de esta forma se nos \u00abinvita\u00bb a cabalgar de mal menor en mal menor hasta la miseria final.<\/p>\n<p class=\"x_MsoNormal\">Las huchas tienen una \u00fanica ranura pero esta tiene una doble funci\u00f3n, sirve para sacar pero tambi\u00e9n para meter dinero, de esto \u00faltimo hace tiempo que se han olvidado, muestra clara de lo poco o nada que les importa el bien com\u00fan, lo p\u00fablico.<\/p>\n<p class=\"x_MsoNormal\">Huchas o fondos de reserva aparte, lo que s\u00ed est\u00e1 claro es que hay recursos m\u00e1s que suficientes para disponer de un sistema de pensiones suficiente y peri\u00f3dicamente revalorizable siempre que pongamos a trabajar a una buena parte de la riqueza del pa\u00eds a favor de poner en pr\u00e1ctica este derecho, claro que si lo que se pretende, a la vista est\u00e1,\u00a0 es cargarse el sistema p\u00fablico para enviarlo directamente a la selva del mercado en forma de fondos y planes de pensiones privados, el camino marcado es el id\u00f3neo.<\/p>\n<p class=\"x_MsoNormal\">El gobierno accidental y los anteriores, con el apoyo inestimable de CC.OO., UGT y la CEOE, han construido unas barreras\u00a0 infranqueables en forma de recomendaciones amparadas por el Pacto de Toledo.<\/p>\n<p class=\"x_MsoNormal\">La primera de ellas es que las pensiones solo se puedan pagar con las cotizaciones al imponer <b>separar las fuentes de financiaci\u00f3n<\/b>. Esto implica que gracias a los recortes de los derechos laborales: bajada de los salarios, aumento de la precariedad laboral, cambio de los contratos a tiempo completo por otros a tiempo parcial, aumento de las horas extras ocultas pero ca\u00edda en picado de su cotizaci\u00f3n (-56,4% durante la crisis), etc., traiga como resultado una bajada imparable de las cotizaciones.<\/p>\n<p class=\"x_MsoNormal\">La segunda es consecuencia de la primera: <b>sistema complementario<\/b>, esto es, potenciar los planes privados de pensiones en todas sus modalidades, ejemplo cercano de esta recomendaci\u00f3n del Pacto de Toledo es nuestro \u00abflamante\u00bb plan de pensiones de la AGE, claro ejemplo de incoherencia: desde lo p\u00fablico se suscribe un plan privado de pensiones con el apoyo, tambi\u00e9n en este caso, de los sindicatos CSIF, CC.OO. y UGT. La l\u00f3gica no puede ser m\u00e1s suicida, desde dentro se cargan el sistema p\u00fablico limitando su fuente de financiaci\u00f3n a unas cotizaciones cada vez m\u00e1s menguadas y, en paralelo, \u00absugieren, invitan\u00bb, obligan a suscribir planes privados de pensiones a quien tenga medios suficientes para pagarlos.<\/p>\n<p class=\"x_MsoNormal\">Estas barreras hay que derribarlas, en caso contrario en poco tiempo acabar\u00edamos con el sistema p\u00fablico de pensiones y ser\u00edamos c\u00f3mplices de su reconversi\u00f3n en mero estado de beneficencia.<\/p>\n<p class=\"x_MsoNormal\">Se est\u00e1 jugando con las cartas marcadas de una baraja tramposa donde los triunfos siempre caen del mismo lado.<\/p>\n<p class=\"x_MsoNormal\">El Gobierno accidental no deja de presumir de nuestro crecimiento econ\u00f3mico, un 3,2% en 2015, y un previsible 2,7% en 2016. Las pensiones, por contra, un 0,25%, nuestros salarios un 0%, la pobreza y la exclusi\u00f3n social contin\u00faan al alza.<\/p>\n<p class=\"x_MsoNormal\">No podemos seguir asumiendo como algo natural el desigual reparto de la riqueza. La acumulaci\u00f3n de grandes recursos econ\u00f3micos en cada vez menos manos lo \u00fanico que consigue es panamenizar, enSuizar; hablando en plata, robar una buena parte de los recursos que salen del esfuerzo com\u00fan y que deben volver a la gente en forma de unos servicios sociales de calidad, entre ellos un saneado y suficiente sistema p\u00fablico de pensiones.<\/p>\n<p class=\"x_MsoNormal\">\n","protected":false},"excerpt":{"rendered":"<p class=\"x_MsoNormal\"><a href=\"https:\/\/www.cgt-lkn.org\/wp-content\/uploads\/sites\/20\/2016\/07\/teoria-de-las-pensiones.jpg\"><img loading=\"lazy\" decoding=\"async\" class=\" wp-image-4628 alignleft\" src=\"https:\/\/www.cgt-lkn.org\/wp-content\/uploads\/sites\/20\/2016\/07\/teoria-de-las-pensiones.jpg\" alt=\"teoria de las pensiones\" width=\"297\" height=\"174\" srcset=\"https:\/\/www.cgt-lkn.org\/bizkaia-gestamp\/wp-content\/uploads\/sites\/20\/2016\/07\/teoria-de-las-pensiones.jpg 405w, https:\/\/www.cgt-lkn.org\/bizkaia-gestamp\/wp-content\/uploads\/sites\/20\/2016\/07\/teoria-de-las-pensiones-300x176.jpg 300w, https:\/\/www.cgt-lkn.org\/bizkaia-gestamp\/wp-content\/uploads\/sites\/20\/2016\/07\/teoria-de-las-pensiones-150x88.jpg 150w, https:\/\/www.cgt-lkn.org\/bizkaia-gestamp\/wp-content\/uploads\/sites\/20\/2016\/07\/teoria-de-las-pensiones-400x234.jpg 400w\" sizes=\"auto, (max-width: 297px) 100vw, 297px\" \/><\/a>Amenazar insistentemente con el agotamiento del Fondo de Reserva de la Seguridad Social es una estrategia calculada por el gobierno accidental de cara a ir preparando el camino para un nuevo recorte del sistema p\u00fablico de pensiones.<\/p>\n<p class=\"x_MsoNormal\">La medida es tan simplista como mentirosa, parte de una falacia evidente: no hay dinero en la hucha, luego no hay recursos para las pensiones as\u00ed que habr\u00e1 que recortarlas, se saca el miedo a pasear y de esta forma se nos \u00abinvita\u00bb a cabalgar de mal menor en mal menor hasta la miseria final.<\/p>\n","protected":false},"author":72,"featured_media":0,"comment_status":"closed","ping_status":"open","sticky":false,"template":"","format":"standard","meta":{"footnotes":"","_links_to":"","_links_to_target":""},"categories":[7,1],"tags":[],"class_list":["post-4627","post","type-post","status-publish","format-standard","hentry","category-comunicados","category-general"],"publishpress_future_action":{"enabled":false,"date":"2026-05-07 01:39:16","action":"change-status","newStatus":"draft","terms":[],"taxonomy":"category","extraData":[]},"publishpress_future_workflow_manual_trigger":{"enabledWorkflows":[]},"_links":{"self":[{"href":"https:\/\/www.cgt-lkn.org\/bizkaia-gestamp\/wp-json\/wp\/v2\/posts\/4627","targetHints":{"allow":["GET"]}}],"collection":[{"href":"https:\/\/www.cgt-lkn.org\/bizkaia-gestamp\/wp-json\/wp\/v2\/posts"}],"about":[{"href":"https:\/\/www.cgt-lkn.org\/bizkaia-gestamp\/wp-json\/wp\/v2\/types\/post"}],"author":[{"embeddable":true,"href":"https:\/\/www.cgt-lkn.org\/bizkaia-gestamp\/wp-json\/wp\/v2\/users\/72"}],"replies":[{"embeddable":true,"href":"https:\/\/www.cgt-lkn.org\/bizkaia-gestamp\/wp-json\/wp\/v2\/comments?post=4627"}],"version-history":[{"count":1,"href":"https:\/\/www.cgt-lkn.org\/bizkaia-gestamp\/wp-json\/wp\/v2\/posts\/4627\/revisions"}],"predecessor-version":[{"id":4629,"href":"https:\/\/www.cgt-lkn.org\/bizkaia-gestamp\/wp-json\/wp\/v2\/posts\/4627\/revisions\/4629"}],"wp:attachment":[{"href":"https:\/\/www.cgt-lkn.org\/bizkaia-gestamp\/wp-json\/wp\/v2\/media?parent=4627"}],"wp:term":[{"taxonomy":"category","embeddable":true,"href":"https:\/\/www.cgt-lkn.org\/bizkaia-gestamp\/wp-json\/wp\/v2\/categories?post=4627"},{"taxonomy":"post_tag","embeddable":true,"href":"https:\/\/www.cgt-lkn.org\/bizkaia-gestamp\/wp-json\/wp\/v2\/tags?post=4627"}],"curies":[{"name":"wp","href":"https:\/\/api.w.org\/{rel}","templated":true}]}}