{"id":4624,"date":"2016-07-12T16:37:54","date_gmt":"2016-07-12T16:37:54","guid":{"rendered":"http:\/\/www.cgt-lkn.org\/bizkaia\/gestamp\/?p=4624"},"modified":"2016-07-12T16:37:54","modified_gmt":"2016-07-12T16:37:54","slug":"el-comite-informa-23","status":"publish","type":"post","link":"https:\/\/www.cgt-lkn.org\/bizkaia-gestamp\/2016\/07\/12\/el-comite-informa-23\/","title":{"rendered":"EL COMIT\u00c9 INFORMA"},"content":{"rendered":"<p><strong>Pr\u00f3ximos cambios l\u00edneas\/ relevos<\/strong><\/p>\n<p>Hoy lunes 11 de Julio, nos hemos reunido con la empresa, y nos ha transmitido la siguiente informaci\u00f3n:<\/p>\n<p><strong>L\u00ednea 11-<\/strong>El 1 de Agosto pasar\u00e1 a 3 relevos. Seg\u00fan la empresa, la comunicaci\u00f3n efectiva del cambio se hizo\u00a0 efectiva el viernes pasado a los afectados. Parece ser que la previsi\u00f3n de producci\u00f3n de Mercedes baja el mes de Septiembre, compens\u00e1ndose esta bajada con un incremento el mes de Diciembre, haciendo que en t\u00e9rminos anuales se mantengan las previsiones de producci\u00f3n. Todo ello, y las mejoras que se dar\u00e1n en la l\u00ednea, justifican seg\u00fan la empresa que en adelante sea suficiente con 3 relevos.<\/p>\n<p><strong>Muro de Mercedes- <\/strong>La empresa nos comunica que en Agosto pasar\u00e1n de 5 a 4 relevos (aunque actualmente por tema de vacaciones est\u00e9n trabajando de \u201cotra manera\u201d), e incluso prev\u00e9n que en Septiembre pueda pasar a 3 relevos. Esto \u00faltimo est\u00e1 pendiente del resultado de la reuni\u00f3n que\u00a0 se mantendr\u00e1 con Mercedes, previsiblemente el 20 de Julio, donde se decidir\u00e1 si nos sacan de la calificaci\u00f3n de proveedor cr\u00edtico (Q-Help2), y \u201crelajan\u201d las condiciones impuestas.<\/p>\n<p><strong>Transferes<\/strong><strong>&#8211; <\/strong>La desaparici\u00f3n de la KRAFTER, y la bajada prevista de Mercedes, hacen que la empresa ponga la Transfer 1 a 3 relevos a partir del 1 de Agosto, y si todo marcha como prev\u00e9n, pasar\u00eda a 2 relevos a partir del 15 de Septiembre. La Transfer 2 seguir\u00e1 a 4 relevos (con intenci\u00f3n de que en el futuro se pueda bajar a 3 relevos).<\/p>\n<p><strong>HS01-<\/strong> A partir del 4 de Septiembre a 3 relevos, pero con dos equipos (Aunque los equipos roten a 3 relevos, siempre habr\u00e1 un jefe de equipo sin equipo).<\/p>\n<p><strong>HS02-Granalla-<\/strong> A partir del\u00a0 1 de Agosto, parte del equipo pasar\u00e1 a 3 relevos, y otra parte seguir\u00e1 a 4 relevos.<\/p>\n<p><strong>Corte Laser-<\/strong> A partir del 1 de Agosto pasar\u00e1 a 3 relevos todo el equipo.<\/p>\n<p><strong>Linea 6- <\/strong>Nos dicen que todav\u00eda los est\u00e1n valorando. Durante esta semana tomar\u00e1n la decisi\u00f3n y si hay cambios previstos, se lo comunicar\u00e1n al comit\u00e9 y a los afectados (la decisi\u00f3n est\u00e1 condicionada por la situaci\u00f3n de la E149670). El cambio posible (1 de Agosto) ser\u00eda que los jefes de equipo pasar\u00e1n a 3 relevos y los equipos a 2 relevos.<\/p>\n<p>Ante esta informaci\u00f3n el comit\u00e9 de empresa ha exigido a la empresa que adem\u00e1s de notificar los cambios en las l\u00edneas afectadas con 15 d\u00edas de antelaci\u00f3n como establece el convenio, a cada trabajador o trabajadora afectada le tienen que notificar su nuevo relevo\/calendario.<\/p>\n<p>Por otra parte, consideramos que una\u00a0 vez m\u00e1s, con los cambios que prev\u00e9 la empresa, ser\u00e1 muy dif\u00edcil llegar a las producciones previstas, que confunde deseos con objetivos, y mucho nos tememos que las horas extras se multipliquen, justamente cuando deber\u00edamos de estar erradic\u00e1ndolas. De igual manera, queremos dejar claro que aunque el convenio permita hacer cambios de calendarios con los preavisos establecidos y razones justificadas, estos no se pueden utilizar indiscriminadamente\u2026.ahora lo pongo\u2026\u2026ahora lo quito.<\/p>\n<p><strong>En Abadi\u00f1o\u00a0 a\u00a0 11 de Julio de 2016<\/strong><\/p>\n","protected":false},"excerpt":{"rendered":"<p>Pr\u00f3ximos cambios l\u00edneas\/ relevos Hoy lunes 11 de Julio, nos hemos reunido con la empresa, y nos ha transmitido la<\/p>\n","protected":false},"author":72,"featured_media":0,"comment_status":"closed","ping_status":"open","sticky":false,"template":"","format":"standard","meta":{"footnotes":"","_links_to":"","_links_to_target":""},"categories":[7,13],"tags":[],"class_list":["post-4624","post","type-post","status-publish","format-standard","hentry","category-comunicados","category-gestamp"],"publishpress_future_action":{"enabled":false,"date":"2026-05-07 03:06:37","action":"change-status","newStatus":"draft","terms":[],"taxonomy":"category","extraData":[]},"publishpress_future_workflow_manual_trigger":{"enabledWorkflows":[]},"_links":{"self":[{"href":"https:\/\/www.cgt-lkn.org\/bizkaia-gestamp\/wp-json\/wp\/v2\/posts\/4624","targetHints":{"allow":["GET"]}}],"collection":[{"href":"https:\/\/www.cgt-lkn.org\/bizkaia-gestamp\/wp-json\/wp\/v2\/posts"}],"about":[{"href":"https:\/\/www.cgt-lkn.org\/bizkaia-gestamp\/wp-json\/wp\/v2\/types\/post"}],"author":[{"embeddable":true,"href":"https:\/\/www.cgt-lkn.org\/bizkaia-gestamp\/wp-json\/wp\/v2\/users\/72"}],"replies":[{"embeddable":true,"href":"https:\/\/www.cgt-lkn.org\/bizkaia-gestamp\/wp-json\/wp\/v2\/comments?post=4624"}],"version-history":[{"count":1,"href":"https:\/\/www.cgt-lkn.org\/bizkaia-gestamp\/wp-json\/wp\/v2\/posts\/4624\/revisions"}],"predecessor-version":[{"id":4625,"href":"https:\/\/www.cgt-lkn.org\/bizkaia-gestamp\/wp-json\/wp\/v2\/posts\/4624\/revisions\/4625"}],"wp:attachment":[{"href":"https:\/\/www.cgt-lkn.org\/bizkaia-gestamp\/wp-json\/wp\/v2\/media?parent=4624"}],"wp:term":[{"taxonomy":"category","embeddable":true,"href":"https:\/\/www.cgt-lkn.org\/bizkaia-gestamp\/wp-json\/wp\/v2\/categories?post=4624"},{"taxonomy":"post_tag","embeddable":true,"href":"https:\/\/www.cgt-lkn.org\/bizkaia-gestamp\/wp-json\/wp\/v2\/tags?post=4624"}],"curies":[{"name":"wp","href":"https:\/\/api.w.org\/{rel}","templated":true}]}}