{"id":4567,"date":"2010-06-24T11:34:04","date_gmt":"2010-06-24T11:34:04","guid":{"rendered":"http:\/\/www.cgt-lkn.org\/bizkaia\/gestamp\/?p=4567"},"modified":"2016-06-24T11:35:43","modified_gmt":"2016-06-24T11:35:43","slug":"legislacion","status":"publish","type":"post","link":"https:\/\/www.cgt-lkn.org\/bizkaia-gestamp\/2010\/06\/24\/legislacion\/","title":{"rendered":"Legislaci\u00f3n"},"content":{"rendered":"<div>\n<p>Guia de acogida. Derechos y mucho m\u00e1s: Guardate esta <a href=\"https:\/\/www.cgt-lkn.org\/wp-content\/uploads\/sites\/20\/2012\/02\/Guia-de-acogida-para-eventuales-web.pdf\">Guia de acogida.<\/a> que seguro que es de tu utilidad.<\/p>\n<\/div>\n<h1><a href=\"https:\/\/www.cgt-lkn.org\/wp-content\/uploads\/2011\/02\/Cambios-Estatuto-Trabajadores.pdf\" target=\"_blank\">Cambios En El Estatuto Trabajadores por la Reforma Laboral<\/a><\/h1>\n<h1><a href=\"https:\/\/www.cgt-lkn.org\/wp-content\/uploads\/2012\/03\/CAMBIOS-EN-LA-LEY-DE-MATERNIDAD-CON-LA-NUEVA-REFORMA-LABORAL.pdf\" target=\"_blank\">CAMBIOS EN MATERNIDAD por la Reforma Laboral<\/a><\/h1>\n<p><a title=\"Maternidad\" href=\"https:\/\/www.cgt-lkn.org\/wp-content\/uploads\/2011\/02\/maternidad.pdf\">Maternidad<\/a>:En este dossier explicaremos de forma amplia las mejoras de los \u00faltimos a\u00f1os en relaci\u00f3n a la maternidad, as\u00ed como los permisos y prestaciones relacionadas con la misma.<\/p>\n<p><a title=\"Paternidad: subsidio por paternidad\" href=\"https:\/\/www.cgt-lkn.org\/wp-content\/uploads\/2011\/02\/paternidad.pdf\" target=\"_blank\" rel=\"attachment wp-att-1956\">Paternidad<\/a>: Subsidio por paternidad.<\/p>\n<p><a title=\"prestaci\u00f3n econ\u00f3mica por desempleo.\" href=\"http:\/\/www.cgt.info\/correosmadrid\/IMG\/pdf\/Preguntas_frecuentes_sobre_el_desempleo.pdf\" target=\"_blank\">Preguntas frecuentes sobre la prestaci\u00f3n econ\u00f3mica por desempleo.<br \/>\n<\/a><br \/>\n<a title=\"Despido, \u00bfque hacer si sucede?\" href=\"https:\/\/www.cgt-lkn.org\/bizkaia-gestamp\/2012\/05\/08\/el-despido-que-hacer-si-sucede\/\" target=\"_blank\">Despido, \u00bfque hacer si sucede?<\/a><\/p>\n<h2>\u00a0<strong>Guia Jur\u00eddico Sindical<\/strong><\/h2>\n<p><strong><a href=\"http:\/\/in-formacioncgt.info\/juridico-sind\/guias\/guia-juridico-sindical-2011\/CGT_CAP1.pdf\" target=\"_blank\">I. ACTUACI\u00d3N DEL SINDICATO EN LA EMPRESA<\/a> <\/strong><br \/>\n<strong><a href=\"http:\/\/in-formacioncgt.info\/juridico-sind\/guias\/guia-juridico-sindical-2011\/CGT_CAP2.pdf\" target=\"_blank\">II. NEGOCIACI\u00d3N COLECTIVA<\/a> <\/strong><br \/>\n<strong><a href=\"http:\/\/in-formacioncgt.info\/juridico-sind\/guias\/guia-juridico-sindical-2011\/CGT_CAP3.pdf\" target=\"_blank\">III. RELACI\u00d3N INDIVIDUAL DE TRABAJO<\/a> <\/strong><br \/>\n<strong><a href=\"http:\/\/in-formacioncgt.info\/juridico-sind\/guias\/guia-juridico-sindical-2011\/CGT_CAP4.pdf\" target=\"_blank\">IV. ETT, CONTRATAS, SUBCONTRATAS, CESI\u00d3N IL\u00cdCITA DE TRABAJADORES\/AS<\/a> <\/strong><br \/>\n<strong><a href=\"http:\/\/in-formacioncgt.info\/juridico-sind\/guias\/guia-juridico-sindical-2011\/CGT_CAP5.pdf\" target=\"_blank\">V. MATERNIDAD Y PATERNIDAD<\/a> <\/strong><br \/>\n<strong><a href=\"http:\/\/in-formacioncgt.info\/juridico-sind\/guias\/guia-juridico-sindical-2011\/CGT_CAP6.pdf\" target=\"_blank\">VI. SALUD LABORAL<\/a> <\/strong><br \/>\n<strong><a href=\"http:\/\/in-formacioncgt.info\/juridico-sind\/guias\/guia-juridico-sindical-2011\/CGT_CAP7.pdf\" target=\"_blank\">VII. ACOSO MORAL EN EL TRABAJO<\/a> <\/strong><br \/>\n<strong><a href=\"http:\/\/in-formacioncgt.info\/juridico-sind\/guias\/guia-juridico-sindical-2011\/CGT_CAP8.pdf\" target=\"_blank\">VIII. CONFLICTOS COLECTIVOS, HUELGA Y CIERRE PATRONAL<\/a> <\/strong><br \/>\n<strong><a href=\"http:\/\/in-formacioncgt.info\/juridico-sind\/guias\/guia-juridico-sindical-2011\/CGT_CAP9.pdf\" target=\"_blank\">IX. LA INSPECCI\u00d3N DE TRABAJO. INFRACCIONES Y SANCIONES EN EL ORDEN SOCIAL<\/a> <\/strong><br \/>\n<strong><a href=\"http:\/\/in-formacioncgt.info\/juridico-sind\/guias\/guia-juridico-sindical-2011\/CGT_CAP10.pdf\" target=\"_blank\">X. DELITOS CONTRA LOS TRABAJADORES\/AS<\/a> <\/strong><br \/>\n<strong><a href=\"http:\/\/in-formacioncgt.info\/juridico-sind\/guias\/guia-juridico-sindical-2011\/CGT_CAP11.pdf\" target=\"_blank\">XI. ALGUNAS DE LAS PRESTACIONES DE LA SEGURIDAD SOCIAL<\/a> <\/strong><br \/>\n<strong><a href=\"http:\/\/in-formacioncgt.info\/juridico-sind\/guias\/guia-juridico-sindical-2011\/CGT_CAP12.pdf\" target=\"_blank\">XII. DISCRIMINACI\u00d3N EN EL \u00c1MBITO LABORAL<\/a> <\/strong><br \/>\n<strong><a href=\"http:\/\/in-formacioncgt.info\/juridico-sind\/guias\/guia-juridico-sindical-2011\/CGT_CAP13.pdf\" target=\"_blank\">XIII. BREVE COMENTARIO SOBRE EL PROCEDIMIENTO LABORAL<\/a> <\/strong><br \/>\n<strong><a href=\"http:\/\/in-formacioncgt.info\/juridico-sind\/guias\/guia-juridico-sindical-2011\/CGT_CAP14.pdf\" target=\"_blank\">XIV. EL CONCURSO DE ACREEDORES. ASPECTOS RELEVANTES PARA LAS RELACIONES LABORALES<\/a> <\/strong><br \/>\n<strong><a href=\"http:\/\/in-formacioncgt.info\/juridico-sind\/guias\/guia-juridico-sindical-2011\/CGT_CAP15.pdf\" target=\"_blank\">XV. LAS MUTUAS<\/a> <\/strong><br \/>\n<strong><a href=\"http:\/\/in-formacioncgt.info\/juridico-sind\/guias\/guia-juridico-sindical-2011\/CGT_CAP16.pdf\" target=\"_blank\">XVI. DERECHOS MEDIOAMBIENTALES DE LOS TRABAJADORES\/AS<\/a> <\/strong><br \/>\n<strong><a href=\"http:\/\/in-formacioncgt.info\/juridico-sind\/guias\/guia-juridico-sindical-2011\/CGT_CAP17_ANEXOS.pdf\" target=\"_blank\">ANEXOS<\/a><\/strong><\/p>\n<p><a title=\"Subcontratas\" href=\"http:\/\/www.cgt.org.es\/102-manual-sindical-sobre-contratas-y-subcontratas-0\" target=\"_blank\">Manual sobre las subcontratas.<\/a><\/p>\n<h1>Toda la informaci\u00f3n referente a legislaci\u00f3n y normativa la pod\u00e9is encontrar en\u00a0:<\/h1>\n<h4><a href=\"http:\/\/www.in-formacioncgt.info\/\" target=\"_blank\"><img loading=\"lazy\" decoding=\"async\" class=\"aligncenter wp-image-1309\" title=\"inforrmacion\" src=\"https:\/\/www.cgt-lkn.org\/wp-content\/uploads\/sites\/20\/2012\/01\/inforrmacion-300x66.png\" alt=\"\" width=\"369\" height=\"80\" \/><\/a><\/h4>\n","protected":false},"excerpt":{"rendered":"<p>Guia de acogida. Derechos y mucho m\u00e1s: Guardate esta Guia de acogida. que seguro que es de tu utilidad. Cambios<\/p>\n","protected":false},"author":6,"featured_media":0,"comment_status":"closed","ping_status":"open","sticky":false,"template":"","format":"standard","meta":{"footnotes":"","_links_to":"","_links_to_target":""},"categories":[1,40,69],"tags":[],"class_list":["post-4567","post","type-post","status-publish","format-standard","hentry","category-general","category-guias","category-legislacion"],"publishpress_future_action":{"enabled":false,"date":"2026-05-07 10:58:24","action":"change-status","newStatus":"draft","terms":[],"taxonomy":"category","extraData":[]},"publishpress_future_workflow_manual_trigger":{"enabledWorkflows":[]},"_links":{"self":[{"href":"https:\/\/www.cgt-lkn.org\/bizkaia-gestamp\/wp-json\/wp\/v2\/posts\/4567","targetHints":{"allow":["GET"]}}],"collection":[{"href":"https:\/\/www.cgt-lkn.org\/bizkaia-gestamp\/wp-json\/wp\/v2\/posts"}],"about":[{"href":"https:\/\/www.cgt-lkn.org\/bizkaia-gestamp\/wp-json\/wp\/v2\/types\/post"}],"author":[{"embeddable":true,"href":"https:\/\/www.cgt-lkn.org\/bizkaia-gestamp\/wp-json\/wp\/v2\/users\/6"}],"replies":[{"embeddable":true,"href":"https:\/\/www.cgt-lkn.org\/bizkaia-gestamp\/wp-json\/wp\/v2\/comments?post=4567"}],"version-history":[{"count":1,"href":"https:\/\/www.cgt-lkn.org\/bizkaia-gestamp\/wp-json\/wp\/v2\/posts\/4567\/revisions"}],"predecessor-version":[{"id":4568,"href":"https:\/\/www.cgt-lkn.org\/bizkaia-gestamp\/wp-json\/wp\/v2\/posts\/4567\/revisions\/4568"}],"wp:attachment":[{"href":"https:\/\/www.cgt-lkn.org\/bizkaia-gestamp\/wp-json\/wp\/v2\/media?parent=4567"}],"wp:term":[{"taxonomy":"category","embeddable":true,"href":"https:\/\/www.cgt-lkn.org\/bizkaia-gestamp\/wp-json\/wp\/v2\/categories?post=4567"},{"taxonomy":"post_tag","embeddable":true,"href":"https:\/\/www.cgt-lkn.org\/bizkaia-gestamp\/wp-json\/wp\/v2\/tags?post=4567"}],"curies":[{"name":"wp","href":"https:\/\/api.w.org\/{rel}","templated":true}]}}