{"id":442,"date":"2008-09-18T08:36:30","date_gmt":"2008-09-18T08:36:30","guid":{"rendered":"http:\/\/www.cgt-lkn.org\/bizkaia\/estampa\/?p=442"},"modified":"2013-11-14T14:04:46","modified_gmt":"2013-11-14T14:04:46","slug":"la-cgt-acudiria-a-los-tribunales-si-ford-no-pagase-por-igual-a-todos-los-trabajadores-afectados-por-el-futuro-expediente-de-regulacion-de-empleo","status":"publish","type":"post","link":"https:\/\/www.cgt-lkn.org\/bizkaia-gestamp\/2008\/09\/18\/la-cgt-acudiria-a-los-tribunales-si-ford-no-pagase-por-igual-a-todos-los-trabajadores-afectados-por-el-futuro-expediente-de-regulacion-de-empleo\/","title":{"rendered":"LA CGT ACUDIR\u00cdA A LOS TRIBUNALES SI FORD NO PAGASE POR IGUAL A TODOS LOS TRABAJADORES AFECTADOS POR EL FUTURO EXPEDIENTE DE REGULACI\u00d3N DE EMPLEO"},"content":{"rendered":"<p style=\"text-align: justify\">En la reuni\u00f3n de ayer la direcci\u00f3n de Ford redujo a 1.013 el n\u00famero de empleados que ir\u00edan al ERE y acepta complementar hasta el 80 % los salarios<br \/>La Secci\u00f3n Sindical de CGT informa que en la tarde de ayer, martes 16 de septiembre, ha tenido lugar una nueva reuni\u00f3n entre los sindicatos y la direcci\u00f3n de Ford de cara a la tramitaci\u00f3n de un expediente de regulaci\u00f3n de empleo que afectar\u00eda a m\u00e1s de mil trabajadores durante tres meses. Las novedades de esta \u00faltima reuni\u00f3n han sido la comunicaci\u00f3n de las listas de afectados, seg\u00fan las cuales el n\u00famero de trabajadores que ir\u00edan al ERE se reducir\u00eda de los 1.350 iniciales a 1.013 aproximadamente. Los trabajadores regulados por plantas ser\u00edan los siguientes: Montaje, 363; Pintura, 183; Prensas y Carrocer\u00edas, 220; Control de Calidad, 90; Log\u00edstica, 127; Mantenimiento Central, 20 y otros departamentos, 10 operarios.<br \/>Tambi\u00e9n la empresa ha entrado a valorar la posibilidad de complementar las retribuciones del INEM que percibir\u00edan los trabajadores durante la regulaci\u00f3n de empleo. En ning\u00fan caso, afirma la direcci\u00f3n de Ford, la empresa podr\u00eda complementar hasta el 100% las percepciones de estos trabajadores, considerando \u00fanicamente factible el pago del complemento hasta llegar al 80% del salario (sin incluir pagas y pluses) lo que representar\u00eda que durante los meses de regulaci\u00f3n estos trabajadores apenas lleguen al 60% del salario real que vienen percibiendo normalmente.<br \/>Por \u00faltimo, la empresa ha informado que del ERE ser\u00e1n excluidos los trabajadores que est\u00e1n de baja m\u00e9dica, los jubilados parciales y los relevistas que cumplan su primer a\u00f1o como tales.<br \/>En cuanto a las lamentables y desafortunadas declaraciones del Secretario General de UGT, seg\u00fan las cuales \u00e9l iba a exigir que la empresa pagase el 100% s\u00f3lo a los afiliados de ese sindicato que sean incluidos en el ERE, desde la CGT queremos aclarar que tal pretensi\u00f3n, adem\u00e1s de injusta y discriminatoria, ser\u00eda ilegal por no respetar el principio constitucional de igualdad. En el improbable caso de que la empresa \u2013que seguramente sabe m\u00e1s de leyes- pactase un trato discriminatorio con un sindicato (por muy d\u00f3cil y amigo suyo que \u00e9ste sea) los Servicios Jur\u00eddicos de la CGT presentar\u00edan la correspondiente denuncia ante los Juzgados de lo Social<br \/>Por \u00faltimo, hay que a\u00f1adir que hoy se re\u00fane el Comit\u00e9 de Ford para hablar del pr\u00f3ximo convenio (aunque en el punto de asuntos varios es probable que surja el tema del ERE) y que el jueves acude a Ford la Inspecci\u00f3n de Trabajo para recabar tanto las opiniones de Ford como las sindicales respecto al expediente en proceso de tramitaci\u00f3n y estudio.<br \/> Secci\u00f3n Sindical de CGT en Ford<\/p>\n","protected":false},"excerpt":{"rendered":"<p style=\"text-align: justify\">En la reuni\u00f3n de ayer la direcci\u00f3n de Ford redujo a 1.013 el n\u00famero de empleados que ir\u00edan al ERE y acepta complementar hasta el 80 % los salarios<\/p>\n","protected":false},"author":72,"featured_media":0,"comment_status":"open","ping_status":"open","sticky":false,"template":"","format":"standard","meta":{"footnotes":"","_links_to":"","_links_to_target":""},"categories":[10],"tags":[],"class_list":["post-442","post","type-post","status-publish","format-standard","hentry","category-ford"],"publishpress_future_action":{"enabled":false,"date":"2026-05-06 21:27:35","action":"change-status","newStatus":"draft","terms":[],"taxonomy":"category","extraData":[]},"publishpress_future_workflow_manual_trigger":{"enabledWorkflows":[]},"_links":{"self":[{"href":"https:\/\/www.cgt-lkn.org\/bizkaia-gestamp\/wp-json\/wp\/v2\/posts\/442","targetHints":{"allow":["GET"]}}],"collection":[{"href":"https:\/\/www.cgt-lkn.org\/bizkaia-gestamp\/wp-json\/wp\/v2\/posts"}],"about":[{"href":"https:\/\/www.cgt-lkn.org\/bizkaia-gestamp\/wp-json\/wp\/v2\/types\/post"}],"author":[{"embeddable":true,"href":"https:\/\/www.cgt-lkn.org\/bizkaia-gestamp\/wp-json\/wp\/v2\/users\/72"}],"replies":[{"embeddable":true,"href":"https:\/\/www.cgt-lkn.org\/bizkaia-gestamp\/wp-json\/wp\/v2\/comments?post=442"}],"version-history":[{"count":1,"href":"https:\/\/www.cgt-lkn.org\/bizkaia-gestamp\/wp-json\/wp\/v2\/posts\/442\/revisions"}],"predecessor-version":[{"id":2532,"href":"https:\/\/www.cgt-lkn.org\/bizkaia-gestamp\/wp-json\/wp\/v2\/posts\/442\/revisions\/2532"}],"wp:attachment":[{"href":"https:\/\/www.cgt-lkn.org\/bizkaia-gestamp\/wp-json\/wp\/v2\/media?parent=442"}],"wp:term":[{"taxonomy":"category","embeddable":true,"href":"https:\/\/www.cgt-lkn.org\/bizkaia-gestamp\/wp-json\/wp\/v2\/categories?post=442"},{"taxonomy":"post_tag","embeddable":true,"href":"https:\/\/www.cgt-lkn.org\/bizkaia-gestamp\/wp-json\/wp\/v2\/tags?post=442"}],"curies":[{"name":"wp","href":"https:\/\/api.w.org\/{rel}","templated":true}]}}