{"id":4381,"date":"2016-04-02T07:21:52","date_gmt":"2016-04-02T05:21:52","guid":{"rendered":"http:\/\/www.cgt-lkn.org\/bizkaia\/gestamp\/?p=4381"},"modified":"2018-04-10T17:56:14","modified_gmt":"2018-04-10T15:56:14","slug":"el-despegue-de-gestamp-apuntala-el-renacer-de-la-plataforma-arasur","status":"publish","type":"post","link":"https:\/\/www.cgt-lkn.org\/bizkaia-gestamp\/2016\/04\/02\/el-despegue-de-gestamp-apuntala-el-renacer-de-la-plataforma-arasur\/","title":{"rendered":"El despegue de Gestamp apuntala el renacer de la plataforma Arasur"},"content":{"rendered":"<p><span class=\"MayusculasNegrita\"><b><a href=\"http:\/\/m.noticiasdealava.com\/2016\/04\/01\/araba\/el-despegue-de-gestamp-apuntala-el-renacer-de-la-plataforma-arasur\" target=\"_blank\"><img loading=\"lazy\" decoding=\"async\" class=\"alignleft\" src=\"http:\/\/static.noticiasdealava.com\/images\/2016\/04\/01\/-exterior-de-unos-p-945693_19061_11.jpg\" alt=\"Cartel que anuncia el acceso a la plataforma log\u00edstica de Rivabellosa.\" width=\"246\" height=\"164\" \/><\/a>GASTEIZ <\/b><\/span>&#8211; Las instalaciones de la plataforma log\u00edstica Arasur comienzan a mostrar se\u00f1ales de vida. Tras a\u00f1os de una falta de actividad acuciante, el pol\u00edgono de Rivabellosa asiste a su renacer gracias al aire insuflado por la multinacional de componentes para la automoci\u00f3n Gestamp. De hecho, \u00e9sta ya ha iniciado la contrataci\u00f3n y la formaci\u00f3n del personal que compondr\u00e1 la plantilla de una f\u00e1brica que estar\u00e1 especializada en corte por l\u00e1ser. Si cumple con sus previsiones internas, la factor\u00eda operar\u00e1 al 100% previsiblemente a lo largo de la primera mitad del pr\u00f3ximo ejercicio con un equipo humano de alrededor de un centenar de trabajadores. Hasta que eso ocurra, la firma ya trabaja en el montaje de la maquinaria en su nave.<\/p>\n<p>Seg\u00fan apuntan fuentes de Gestamp consultadas por DIARIO DE NOTICIAS DE \u00c1LAVA, la multinacional vasca ha iniciado a lo largo de este mismo a\u00f1o la contrataci\u00f3n de personal que responde a perfiles profesionales muy determinados, relacionados con las \u00e1reas de producci\u00f3n, mantenimiento, rob\u00f3tica, calidad y metrolog\u00eda, todas ellas, de marcado car\u00e1cter productivo. L\u00f3gicamente, seg\u00fan avance el ejercicio, la planta ir\u00e1 incorporando nuevos trabajadores hasta completar el organigrama en secciones administrativas o log\u00edsticas, entre otras. En cualquier caso, cuando la planta alcance la plena producci\u00f3n dispondr\u00e1 de alrededor de 100 trabajadores, que se sumar\u00e1n a los m\u00e1s de 1.600 desperdigados en las cinco plantas que la multinacional tiene en la Comunidad Aut\u00f3noma Vasca.<\/p>\n<p>Gestamp es un grupo internacional dedicado al dise\u00f1o, desarrollo y fabricaci\u00f3n de componentes met\u00e1licos para el autom\u00f3vil. El fabricante dispone de un centenar de plantas repartidas en veinte pa\u00edses, con m\u00e1s de 32.000 trabajadores a nivel mundial. Su actividad, dise\u00f1os y productos tienen una base de clientes que incluye a los 12 mayores fabricantes de autom\u00f3viles por volumen de producci\u00f3n, entre ellos, Volkswagen, Renault, PSA, Daimler, General Motors y BMW. Precisamente, y en esa l\u00ednea, la nueva factor\u00eda en Arasur dispondr\u00e1 de un equipamiento tecnol\u00f3gico de primer orden especializado en el corte por l\u00e1ser y en la soldadura a trav\u00e9s de elementos rob\u00f3ticos para servir piezas que, en un principio, se destinar\u00e1n a las marcas Volkswagen, Seat o Opel, seg\u00fan indica la informaci\u00f3n corporativa facilitada.<\/p>\n<p>Todo ello ya se gesta en uno de los pabellones construidos en la plataforma log\u00edstica alavesa. Se trata de una nave de 8.500 metros cuadrados en la que la multinacional invertir\u00e1 14,3 millones de euros. El recinto estar\u00e1 equipado con 14 c\u00e9lulas de corte l\u00e1ser y c\u00e9lulas de soldadura robotizadas. Con ello, el centro industrial ser\u00e1 el primero de este tipo en Euskadi.<\/p>\n<p><b><span class=\"MayusculasNegrita\">PLAYA DE V\u00cdAS EN MARCHA<\/span> <\/b>La decisi\u00f3n corporativa de Gestamp no es la \u00fanica buena noticia que ha recibido Arasur en los \u00faltimos meses. De hecho, el pasado 18 de diciembre se conoci\u00f3, a trav\u00e9s de una informaci\u00f3n adelantada en exclusiva por este diario, que el \u00f3rgano de gobierno del Puerto de Bilbao aprob\u00f3 la licitaci\u00f3n de las obras para la construcci\u00f3n de una playa de v\u00edas en el complejo log\u00edstico. Con ello, se iniciaba el proceso que concluir\u00e1 en unos meses con la puesta en marcha de un apartadero ferroviario.<\/p>\n<p>Esta infraestructura se antoja esencial en el empe\u00f1o por resucitar las posibilidades del complejo log\u00edstico, ya que \u00e9ste est\u00e1 inmerso desde hace a\u00f1os en una decadencia indisimulada, entre otras cosas, por sus carencias en materia de intermodalidad. Ahora, una vez puesto en marcha el proceso, \u00e9ste guiar\u00e1 la contrataci\u00f3n y tramitaci\u00f3n de un proyecto que contempla la inversi\u00f3n de 8,3 millones de euros. Los mismos devienen de los t\u00e9rminos recogidos en un convenio tripartito firmado el 24 de marzo de este a\u00f1o por el Gobierno Vasco, la Autoridad Portuaria y la Diputaci\u00f3n alavesa con la intenci\u00f3n de dotar de actividad al complejo log\u00edstico aleda\u00f1o a la autov\u00eda A-1 y a la autopista AP-68.<\/p>\n<p><span class=\"MayusculasNegrita\">PLAYA DE V\u00cdAS<\/span><\/p>\n<p>Acuerdo. El acuerdo tripartito entre el Gobierno Vasco, la Diputaci\u00f3n Foral de \u00c1lava y la Autoridad Portuaria establece el reparto de responsabilidades econ\u00f3micas a la hora de materializar la playa de v\u00edas. As\u00ed, el pacto a tres estipula que Lakua pondr\u00e1 sobre la mesa tres millones. Otro tanto llegar\u00e1 desde el Puerto de Bilbao y 2,3 millones desde las arcas forales.<\/p>\n<p>Plazos. Las previsiones iniciales sujetas a los vaivenes propios de un proyecto constructivo de estas caracter\u00edsticas estiman el primer tramo de 2017 como fecha adecuada para contar con la inversi\u00f3n finalizada.<\/p>\n<p>Inversi\u00f3n. Sea como fuere, las obras que se realizar\u00e1n en la plataforma ocupar\u00e1n inicialmente unos 35.000 metros cuadrados junto a las v\u00edas del trazado Irun-Madrid y supondr\u00e1n de facto la mejora operativa y la ampliaci\u00f3n de Arasur con la implantaci\u00f3n de un apartadero de mercanc\u00edas con una conexi\u00f3n ferroviaria al pol\u00edgono y la configuraci\u00f3n de un espacio habilitado para intercambiar todo tipo de cargas y vol\u00famenes con los que opere el Puerto de Bilbao, que se convertir\u00e1 as\u00ed en el mayor operador en el parque.<\/p>\n<p style=\"text-align: left\">Sinergias. Con el nuevo equipamiento en marcha, multinacionales como Gestamp ya se han hecho un hueco en el pol\u00edgono, ya que \u00e9ste dispondr\u00e1 de la ansiada intermodalidad con accesos casi directos a la A-1, a la AP-68, al aeropuerto de Foronda, a las instalaciones log\u00edsticas de Jundiz y, l\u00f3gicamente, al Puerto de Bilbao.<\/p>\n<p style=\"text-align: left\">\n<p style=\"text-align: left\">\n","protected":false},"excerpt":{"rendered":"<p><img loading=\"lazy\" decoding=\"async\" class=\"alignleft\" src=\"http:\/\/static.noticiasdealava.com\/images\/2016\/04\/01\/-exterior-de-unos-p-945693_19061_11.jpg\" alt=\"Cartel que anuncia el acceso a la plataforma log\u00edstica de Rivabellosa.\" width=\"284\" height=\"189\" \/><\/p>\n<p>La multinacional ya ha empezado a contratar a la plantilla que trabajar\u00e1 en su planta de Rivabellosa.<\/p>\n<p>Las instalaciones de la plataforma log\u00edstica Arasur comienzan a mostrar se\u00f1ales de vida. Tras a\u00f1os de una falta de actividad acuciante, el pol\u00edgono de Rivabellosa asiste a su renacer gracias al aire insuflado por la multinacional de componentes para la automoci\u00f3n Gestamp.<\/p>\n<p>&nbsp;<\/p>\n<p>&nbsp;<\/p>\n","protected":false},"author":72,"featured_media":0,"comment_status":"closed","ping_status":"open","sticky":false,"template":"","format":"standard","meta":{"footnotes":"","_links_to":"","_links_to_target":""},"categories":[5,1,13,22],"tags":[],"class_list":["post-4381","post","type-post","status-publish","format-standard","hentry","category-automocion","category-general","category-gestamp","category-en-la-prensa"],"publishpress_future_action":{"enabled":false,"date":"2026-05-07 11:04:45","action":"change-status","newStatus":"draft","terms":[],"taxonomy":"category","extraData":[]},"publishpress_future_workflow_manual_trigger":{"enabledWorkflows":[]},"_links":{"self":[{"href":"https:\/\/www.cgt-lkn.org\/bizkaia-gestamp\/wp-json\/wp\/v2\/posts\/4381","targetHints":{"allow":["GET"]}}],"collection":[{"href":"https:\/\/www.cgt-lkn.org\/bizkaia-gestamp\/wp-json\/wp\/v2\/posts"}],"about":[{"href":"https:\/\/www.cgt-lkn.org\/bizkaia-gestamp\/wp-json\/wp\/v2\/types\/post"}],"author":[{"embeddable":true,"href":"https:\/\/www.cgt-lkn.org\/bizkaia-gestamp\/wp-json\/wp\/v2\/users\/72"}],"replies":[{"embeddable":true,"href":"https:\/\/www.cgt-lkn.org\/bizkaia-gestamp\/wp-json\/wp\/v2\/comments?post=4381"}],"version-history":[{"count":3,"href":"https:\/\/www.cgt-lkn.org\/bizkaia-gestamp\/wp-json\/wp\/v2\/posts\/4381\/revisions"}],"predecessor-version":[{"id":4384,"href":"https:\/\/www.cgt-lkn.org\/bizkaia-gestamp\/wp-json\/wp\/v2\/posts\/4381\/revisions\/4384"}],"wp:attachment":[{"href":"https:\/\/www.cgt-lkn.org\/bizkaia-gestamp\/wp-json\/wp\/v2\/media?parent=4381"}],"wp:term":[{"taxonomy":"category","embeddable":true,"href":"https:\/\/www.cgt-lkn.org\/bizkaia-gestamp\/wp-json\/wp\/v2\/categories?post=4381"},{"taxonomy":"post_tag","embeddable":true,"href":"https:\/\/www.cgt-lkn.org\/bizkaia-gestamp\/wp-json\/wp\/v2\/tags?post=4381"}],"curies":[{"name":"wp","href":"https:\/\/api.w.org\/{rel}","templated":true}]}}