{"id":4376,"date":"2016-04-01T15:03:10","date_gmt":"2016-04-01T15:03:10","guid":{"rendered":"http:\/\/www.cgt-lkn.org\/bizkaia\/gestamp\/?p=4376"},"modified":"2016-04-01T15:03:10","modified_gmt":"2016-04-01T15:03:10","slug":"guia-salud-laboral-no9-trabajo-bajo-presion-y-consecuencias-para-la-salud","status":"publish","type":"post","link":"https:\/\/www.cgt-lkn.org\/bizkaia-gestamp\/2016\/04\/01\/guia-salud-laboral-no9-trabajo-bajo-presion-y-consecuencias-para-la-salud\/","title":{"rendered":"Guia salud Laboral N\u00ba9: Trabajo bajo presi\u00f3n y  consecuencias  para la salud"},"content":{"rendered":"<p><a href=\"https:\/\/www.cgt-lkn.org\/wp-content\/uploads\/sites\/20\/2016\/04\/GUIA-DE-SALUD-N9-acabada-11.3.2016.pdf\" target=\"_blank\" rel=\"attachment wp-att-4378\"><img loading=\"lazy\" decoding=\"async\" class=\" wp-image-4378 aligncenter\" src=\"https:\/\/www.cgt-lkn.org\/wp-content\/uploads\/sites\/20\/2016\/04\/porrtada-Guia-sa\u00f1lud-laboral-n\u00ba-9-Trabajo-bajo-presi\u00f3n-y-consecuencias-para-la-salud.png\" alt=\"porrtada Guia sa\u00f1lud laboral n\u00ba 9 Trabajo bajo presi\u00f3n y  consecuencias  para la salud\" width=\"570\" height=\"792\" srcset=\"https:\/\/www.cgt-lkn.org\/bizkaia-gestamp\/wp-content\/uploads\/sites\/20\/2016\/04\/porrtada-Guia-sa\u00f1lud-laboral-n\u00ba-9-Trabajo-bajo-presi\u00f3n-y-consecuencias-para-la-salud.png 576w, https:\/\/www.cgt-lkn.org\/bizkaia-gestamp\/wp-content\/uploads\/sites\/20\/2016\/04\/porrtada-Guia-sa\u00f1lud-laboral-n\u00ba-9-Trabajo-bajo-presi\u00f3n-y-consecuencias-para-la-salud-216x300.png 216w, https:\/\/www.cgt-lkn.org\/bizkaia-gestamp\/wp-content\/uploads\/sites\/20\/2016\/04\/porrtada-Guia-sa\u00f1lud-laboral-n\u00ba-9-Trabajo-bajo-presi\u00f3n-y-consecuencias-para-la-salud-768x1067.png 768w, https:\/\/www.cgt-lkn.org\/bizkaia-gestamp\/wp-content\/uploads\/sites\/20\/2016\/04\/porrtada-Guia-sa\u00f1lud-laboral-n\u00ba-9-Trabajo-bajo-presi\u00f3n-y-consecuencias-para-la-salud-737x1024.png 737w, https:\/\/www.cgt-lkn.org\/bizkaia-gestamp\/wp-content\/uploads\/sites\/20\/2016\/04\/porrtada-Guia-sa\u00f1lud-laboral-n\u00ba-9-Trabajo-bajo-presi\u00f3n-y-consecuencias-para-la-salud-108x150.png 108w, https:\/\/www.cgt-lkn.org\/bizkaia-gestamp\/wp-content\/uploads\/sites\/20\/2016\/04\/porrtada-Guia-sa\u00f1lud-laboral-n\u00ba-9-Trabajo-bajo-presi\u00f3n-y-consecuencias-para-la-salud-400x555.png 400w\" sizes=\"auto, (max-width: 570px) 100vw, 570px\" \/><\/a><\/p>\n<p style=\"text-align: center\"><a href=\"https:\/\/www.cgt-lkn.org\/wp-content\/uploads\/sites\/20\/2016\/04\/GUIA-DE-SALUD-N9-acabada-11.3.2016.pdf\" rel=\"\">GUIA DE SALUD N9\u00a0<\/a><\/p>\n","protected":false},"excerpt":{"rendered":"<p><b><a href=\"https:\/\/www.cgt-lkn.org\/wp-content\/uploads\/sites\/20\/2016\/04\/GUIA-DE-SALUD-N9-acabada-11.3.2016.pdf\" rel=\"\">GUIA DE SALUD N9 acabada 11.3.2016<\/a> <a href=\"https:\/\/www.cgt-lkn.org\/wp-content\/uploads\/sites\/20\/2016\/04\/porrtada-Guia-sa\u00f1lud-laboral-n\u00ba-9-Trabajo-bajo-presi\u00f3n-y-consecuencias-para-la-salud.png\" rel=\"attachment wp-att-4378\"><img loading=\"lazy\" decoding=\"async\" class=\"alignnone  wp-image-4378\" src=\"https:\/\/www.cgt-lkn.org\/wp-content\/uploads\/sites\/20\/2016\/04\/porrtada-Guia-sa\u00f1lud-laboral-n\u00ba-9-Trabajo-bajo-presi\u00f3n-y-consecuencias-para-la-salud.png\" alt=\"porrtada Guia sa\u00f1lud laboral n\u00ba 9 Trabajo bajo presi\u00f3n y  consecuencias  para la salud\" width=\"545\" height=\"757\" srcset=\"https:\/\/www.cgt-lkn.org\/bizkaia-gestamp\/wp-content\/uploads\/sites\/20\/2016\/04\/porrtada-Guia-sa\u00f1lud-laboral-n\u00ba-9-Trabajo-bajo-presi\u00f3n-y-consecuencias-para-la-salud.png 576w, https:\/\/www.cgt-lkn.org\/bizkaia-gestamp\/wp-content\/uploads\/sites\/20\/2016\/04\/porrtada-Guia-sa\u00f1lud-laboral-n\u00ba-9-Trabajo-bajo-presi\u00f3n-y-consecuencias-para-la-salud-216x300.png 216w, https:\/\/www.cgt-lkn.org\/bizkaia-gestamp\/wp-content\/uploads\/sites\/20\/2016\/04\/porrtada-Guia-sa\u00f1lud-laboral-n\u00ba-9-Trabajo-bajo-presi\u00f3n-y-consecuencias-para-la-salud-768x1067.png 768w, https:\/\/www.cgt-lkn.org\/bizkaia-gestamp\/wp-content\/uploads\/sites\/20\/2016\/04\/porrtada-Guia-sa\u00f1lud-laboral-n\u00ba-9-Trabajo-bajo-presi\u00f3n-y-consecuencias-para-la-salud-737x1024.png 737w, https:\/\/www.cgt-lkn.org\/bizkaia-gestamp\/wp-content\/uploads\/sites\/20\/2016\/04\/porrtada-Guia-sa\u00f1lud-laboral-n\u00ba-9-Trabajo-bajo-presi\u00f3n-y-consecuencias-para-la-salud-108x150.png 108w, https:\/\/www.cgt-lkn.org\/bizkaia-gestamp\/wp-content\/uploads\/sites\/20\/2016\/04\/porrtada-Guia-sa\u00f1lud-laboral-n\u00ba-9-Trabajo-bajo-presi\u00f3n-y-consecuencias-para-la-salud-400x555.png 400w\" sizes=\"auto, (max-width: 545px) 100vw, 545px\" \/><\/a>Los Servicios de Prevenci\u00f3n \u00a0<\/b><b style=\"line-height: 1.5\">\u00a0<\/b><span style=\"line-height: 1.5\">Deber\u00edan tener un papel primordial en la acci\u00f3n preventiva de la empresa, estableciendo medidas \u00a0 correctoras para adaptar\u00a0 el trabajo a\u00a0 la\u00a0\u00a0 persona; para ello se les ha de dejar\u00a0 actuar con autonom\u00eda y rigor profesional.<\/span><\/p>\n<p>Ello requiere dotarlos de recursos y medios, adem\u00e1s de llevar a cabo una verdadera actividad multidisciplinar, concediendo prioridad a los aspectos relacionados con la organizaci\u00f3n del trabajo como son la Ergonom\u00eda y prevenci\u00f3n\u00a0 de\u00a0 los factores de riesgos psicosociales.<\/p>\n<p>&nbsp;<\/p>\n","protected":false},"author":72,"featured_media":0,"comment_status":"closed","ping_status":"open","sticky":false,"template":"","format":"standard","meta":{"footnotes":"","_links_to":"","_links_to_target":""},"categories":[32,13,40,23,25,27],"tags":[],"class_list":["post-4376","post","type-post","status-publish","format-standard","hentry","category-boletines-salud-laboral","category-gestamp","category-guias","category-publicaciones","category-salud-laboral","category-sindical"],"publishpress_future_action":{"enabled":false,"date":"2026-05-07 09:27:25","action":"change-status","newStatus":"draft","terms":[],"taxonomy":"category","extraData":[]},"publishpress_future_workflow_manual_trigger":{"enabledWorkflows":[]},"_links":{"self":[{"href":"https:\/\/www.cgt-lkn.org\/bizkaia-gestamp\/wp-json\/wp\/v2\/posts\/4376","targetHints":{"allow":["GET"]}}],"collection":[{"href":"https:\/\/www.cgt-lkn.org\/bizkaia-gestamp\/wp-json\/wp\/v2\/posts"}],"about":[{"href":"https:\/\/www.cgt-lkn.org\/bizkaia-gestamp\/wp-json\/wp\/v2\/types\/post"}],"author":[{"embeddable":true,"href":"https:\/\/www.cgt-lkn.org\/bizkaia-gestamp\/wp-json\/wp\/v2\/users\/72"}],"replies":[{"embeddable":true,"href":"https:\/\/www.cgt-lkn.org\/bizkaia-gestamp\/wp-json\/wp\/v2\/comments?post=4376"}],"version-history":[{"count":1,"href":"https:\/\/www.cgt-lkn.org\/bizkaia-gestamp\/wp-json\/wp\/v2\/posts\/4376\/revisions"}],"predecessor-version":[{"id":4379,"href":"https:\/\/www.cgt-lkn.org\/bizkaia-gestamp\/wp-json\/wp\/v2\/posts\/4376\/revisions\/4379"}],"wp:attachment":[{"href":"https:\/\/www.cgt-lkn.org\/bizkaia-gestamp\/wp-json\/wp\/v2\/media?parent=4376"}],"wp:term":[{"taxonomy":"category","embeddable":true,"href":"https:\/\/www.cgt-lkn.org\/bizkaia-gestamp\/wp-json\/wp\/v2\/categories?post=4376"},{"taxonomy":"post_tag","embeddable":true,"href":"https:\/\/www.cgt-lkn.org\/bizkaia-gestamp\/wp-json\/wp\/v2\/tags?post=4376"}],"curies":[{"name":"wp","href":"https:\/\/api.w.org\/{rel}","templated":true}]}}