{"id":4360,"date":"2016-03-23T08:13:16","date_gmt":"2016-03-23T08:13:16","guid":{"rendered":"http:\/\/www.cgt-lkn.org\/bizkaia\/gestamp\/?p=4360"},"modified":"2016-03-17T08:16:42","modified_gmt":"2016-03-17T08:16:42","slug":"4360","status":"publish","type":"post","link":"https:\/\/www.cgt-lkn.org\/bizkaia-gestamp\/2016\/03\/23\/4360\/","title":{"rendered":"Video: El caso Delphi"},"content":{"rendered":"<p><iframe loading=\"lazy\" title=\"RNtv El caso Delphi y la lucha obrera - La bah\u00eda en pie\" width=\"700\" height=\"394\" src=\"https:\/\/www.youtube.com\/embed\/bqI6u6CByyU?feature=oembed\" frameborder=\"0\" allow=\"accelerometer; autoplay; clipboard-write; encrypted-media; gyroscope; picture-in-picture\" allowfullscreen><\/iframe><\/p>\n","protected":false},"excerpt":{"rendered":"<p><a href=\"https:\/\/www.youtube.com\/watch?v=bqI6u6CByyU\" target=\"_blank\"><img decoding=\"async\" class=\"alignleft\" src=\"https:\/\/encrypted-tbn3.gstatic.com\/images?q=tbn:ANd9GcQMK7oluweg_35CYCclu2xvaIk3BuJ1SU8nlDnTyoHBuqrLcuE-Gg\" alt=\"Resultado de imagen de El caso Delphi y la lucha obrera - La bah\u00eda en pie\" \/><\/a>Esta es una historia de pol\u00edticos que mienten, sindicatos que se al\u00edan con las fuerzas a las que deben vigilar y personas que, encerradas desde hace casi dos a\u00f1os, dan una lecci\u00f3n de dignidad, justicia, perseverancia, solidaridad y lucha obrera.<\/p>\n<p>Aunque es una historia que merece ser contada, el silencio medi\u00e1tico que soporta hace a\u00fan m\u00e1s meritoria la resistencia y m\u00e1s necesaria su difusi\u00f3n. Pero sobre todo, es una historia de convivencia, de hermandad obrera, de acciones obligadas por las circunstancias.<\/p>\n","protected":false},"author":72,"featured_media":0,"comment_status":"closed","ping_status":"open","sticky":false,"template":"","format":"standard","meta":{"footnotes":"","_links_to":"","_links_to_target":""},"categories":[30,2,4,5,8,27,28],"tags":[],"class_list":["post-4360","post","type-post","status-publish","format-standard","hentry","category-accion-directa","category-anarquismo","category-autogestion","category-automocion","category-coordinadora-de-automocion","category-sindical","category-social"],"publishpress_future_action":{"enabled":false,"date":"2026-05-07 06:55:03","action":"change-status","newStatus":"draft","terms":[],"taxonomy":"category","extraData":[]},"publishpress_future_workflow_manual_trigger":{"enabledWorkflows":[]},"_links":{"self":[{"href":"https:\/\/www.cgt-lkn.org\/bizkaia-gestamp\/wp-json\/wp\/v2\/posts\/4360","targetHints":{"allow":["GET"]}}],"collection":[{"href":"https:\/\/www.cgt-lkn.org\/bizkaia-gestamp\/wp-json\/wp\/v2\/posts"}],"about":[{"href":"https:\/\/www.cgt-lkn.org\/bizkaia-gestamp\/wp-json\/wp\/v2\/types\/post"}],"author":[{"embeddable":true,"href":"https:\/\/www.cgt-lkn.org\/bizkaia-gestamp\/wp-json\/wp\/v2\/users\/72"}],"replies":[{"embeddable":true,"href":"https:\/\/www.cgt-lkn.org\/bizkaia-gestamp\/wp-json\/wp\/v2\/comments?post=4360"}],"version-history":[{"count":3,"href":"https:\/\/www.cgt-lkn.org\/bizkaia-gestamp\/wp-json\/wp\/v2\/posts\/4360\/revisions"}],"predecessor-version":[{"id":4363,"href":"https:\/\/www.cgt-lkn.org\/bizkaia-gestamp\/wp-json\/wp\/v2\/posts\/4360\/revisions\/4363"}],"wp:attachment":[{"href":"https:\/\/www.cgt-lkn.org\/bizkaia-gestamp\/wp-json\/wp\/v2\/media?parent=4360"}],"wp:term":[{"taxonomy":"category","embeddable":true,"href":"https:\/\/www.cgt-lkn.org\/bizkaia-gestamp\/wp-json\/wp\/v2\/categories?post=4360"},{"taxonomy":"post_tag","embeddable":true,"href":"https:\/\/www.cgt-lkn.org\/bizkaia-gestamp\/wp-json\/wp\/v2\/tags?post=4360"}],"curies":[{"name":"wp","href":"https:\/\/api.w.org\/{rel}","templated":true}]}}