{"id":4180,"date":"2016-01-22T12:22:42","date_gmt":"2016-01-22T12:22:42","guid":{"rendered":"http:\/\/www.cgt-lkn.org\/bizkaia\/gestamp\/?p=4180"},"modified":"2016-01-22T12:22:42","modified_gmt":"2016-01-22T12:22:42","slug":"trw-movilizaciones-por-un-futuro-para-todas-2","status":"publish","type":"post","link":"https:\/\/www.cgt-lkn.org\/bizkaia-gestamp\/2016\/01\/22\/trw-movilizaciones-por-un-futuro-para-todas-2\/","title":{"rendered":"TRW: movilizaciones por un futuro para todas"},"content":{"rendered":"<p>250 personas a la calle en TRW, el 41% de plantilla. Recortes a punta pala para los que se queden y un plan que no garantiza futuro a partir de 2018. Eso es lo que hay ahora mismo encima de la mesa. En Diciembre se fueron 100 eventuales y 10 d\u00edas m\u00e1s tarde con el mismo trabajo sobran 250???? No parece normal no? Se han pensado que somos tontos? Lo que han estado haciendo es sobre-producir para llenar los almacenes de media Europa y que las huelgas o movilizaciones no les duela nada. Puede que la suerte este echada o puede que no\u2026 Vamos a pensar que no y que cualquier acto, movilizaci\u00f3n, marcha, guasap, mensaje o lo que sea pueda hacer que el juez que tome la decisi\u00f3n final piense en las 250 familias y en la de proveedores y subcontratas y no en el enriquecimiento de una multinacional que lleva a\u00f1os trayendo a Pamplona los productos que les ha interesado para ponernos hoy d\u00eda en este escenario Pido vuestra colaboraci\u00f3n para difundir y que al menos se sepa la verdad y no lo que les interesa a la empresa y el bufete que han contratado para manejar la prensa y las redes sociales Gracias<\/p>\n","protected":false},"excerpt":{"rendered":"<p><img decoding=\"async\" class=\"alignleft\" src=\"https:\/\/www.cgt-lkn.org\/nafarroa\/wp-content\/uploads\/2016\/01\/IMG-20160120-WA0002.jpg\" alt=\"IMG-20160120-WA0002\" \/>250 personas a la calle en TRW, el 41% de plantilla. Recortes a punta pala para los que se queden y un plan que no garantiza futuro a partir de 2018. Eso es lo que hay ahora mismo encima de la mesa. En Diciembre se fueron 100 eventuales y 10 d\u00edas m\u00e1s tarde con el mismo trabajo sobran 250????<\/p>\n","protected":false},"author":72,"featured_media":0,"comment_status":"closed","ping_status":"open","sticky":false,"template":"","format":"standard","meta":{"footnotes":"","_links_to":"","_links_to_target":""},"categories":[5,17],"tags":[],"class_list":["post-4180","post","type-post","status-publish","format-standard","hentry","category-automocion","category-movilizaciones"],"publishpress_future_action":{"enabled":false,"date":"2026-05-08 19:22:01","action":"change-status","newStatus":"draft","terms":[],"taxonomy":"category","extraData":[]},"publishpress_future_workflow_manual_trigger":{"enabledWorkflows":[]},"_links":{"self":[{"href":"https:\/\/www.cgt-lkn.org\/bizkaia-gestamp\/wp-json\/wp\/v2\/posts\/4180","targetHints":{"allow":["GET"]}}],"collection":[{"href":"https:\/\/www.cgt-lkn.org\/bizkaia-gestamp\/wp-json\/wp\/v2\/posts"}],"about":[{"href":"https:\/\/www.cgt-lkn.org\/bizkaia-gestamp\/wp-json\/wp\/v2\/types\/post"}],"author":[{"embeddable":true,"href":"https:\/\/www.cgt-lkn.org\/bizkaia-gestamp\/wp-json\/wp\/v2\/users\/72"}],"replies":[{"embeddable":true,"href":"https:\/\/www.cgt-lkn.org\/bizkaia-gestamp\/wp-json\/wp\/v2\/comments?post=4180"}],"version-history":[{"count":1,"href":"https:\/\/www.cgt-lkn.org\/bizkaia-gestamp\/wp-json\/wp\/v2\/posts\/4180\/revisions"}],"predecessor-version":[{"id":4181,"href":"https:\/\/www.cgt-lkn.org\/bizkaia-gestamp\/wp-json\/wp\/v2\/posts\/4180\/revisions\/4181"}],"wp:attachment":[{"href":"https:\/\/www.cgt-lkn.org\/bizkaia-gestamp\/wp-json\/wp\/v2\/media?parent=4180"}],"wp:term":[{"taxonomy":"category","embeddable":true,"href":"https:\/\/www.cgt-lkn.org\/bizkaia-gestamp\/wp-json\/wp\/v2\/categories?post=4180"},{"taxonomy":"post_tag","embeddable":true,"href":"https:\/\/www.cgt-lkn.org\/bizkaia-gestamp\/wp-json\/wp\/v2\/tags?post=4180"}],"curies":[{"name":"wp","href":"https:\/\/api.w.org\/{rel}","templated":true}]}}