{"id":4024,"date":"2015-09-23T17:02:19","date_gmt":"2015-09-23T17:02:19","guid":{"rendered":"http:\/\/www.cgt-lkn.org\/bizkaia\/gestamp\/?p=4024"},"modified":"2015-09-23T16:14:33","modified_gmt":"2015-09-23T16:14:33","slug":"posible-perdida-de-empleos-por-el-escandalo-de-volkswagen","status":"publish","type":"post","link":"https:\/\/www.cgt-lkn.org\/bizkaia-gestamp\/2015\/09\/23\/posible-perdida-de-empleos-por-el-escandalo-de-volkswagen\/","title":{"rendered":"Posible p\u00e9rdida de empleos por el esc\u00e1ndalo de Volkswagen"},"content":{"rendered":"<article>\n<div id=\"noticia_bloque\">\n<p>El prestigioso Instituto Alem\u00e1n de Investigaci\u00f3n Econ\u00f3mica (DIW) alert\u00f3 hoy de la p\u00e9rdida de trabajos como consecuencia del esc\u00e1ndalo en torno a la manipulaci\u00f3n de los valores de las emisiones de coches de <strong>Volkswagen<\/strong> (VW).<\/p>\n<p>\u00abEl da\u00f1o de la imagen le saldr\u00e1 caro a VW no s\u00f3lo en Estados Unidos, sino tambi\u00e9n en todo el mundo\u00bb, asegur\u00f3 el presidente del DIW, Marcel Fratzscher, al diario alem\u00e1n \u00abBild\u00bb. \u00abComo consecuencia de ello estar\u00e1n en peligro muchos puestos de trabajo en VW y en numerosos proveedores en Alemania\u00bb.<\/p>\n<p>El posible pago de una multa es \u00abel menor de los problemas de VW\u00bb, indic\u00f3 el economista, que advirti\u00f3 que este esc\u00e1ndalo puede suponer tambi\u00e9n da\u00f1os para otros exportadores alemanes puesto que VW era hasta ahora el buque insignia de los productos \u00abMade in Germany\u00bb.<\/p>\n<p>La Agencia de Protecci\u00f3n Ambiental de Estados Unidos (EPA) acus\u00f3 a Volkswagen de haber colocado en sus veh\u00edculos un software para eludir est\u00e1ndares ambientales y orden\u00f3 llamar a revisi\u00f3n casi medio mill\u00f3n de autos de motor di\u00e9sel en California.<\/p>\n<p>La automotriz admiti\u00f3 el error y asegur\u00f3 que colaborar\u00eda con las autoridades locales, adem\u00e1s de ordenar una suspensi\u00f3n de la venta de los modelos implicados en Estados Unidos.<\/p>\n<\/div>\n<\/article>\n<p>&nbsp;<\/p>\n<p>&nbsp;<\/p>\n<p>Fuente:\u00a0http:\/\/www.elboletin.com\/economia\/122808\/instituto-diw-perdida-escandalo-volkswagen.html<\/p>\n","protected":false},"excerpt":{"rendered":"<p>El prestigioso Instituto Alem\u00e1n de Investigaci\u00f3n Econ\u00f3mica (DIW) alert\u00f3 hoy de la p\u00e9rdida de trabajos como consecuencia del esc\u00e1ndalo en<\/p>\n","protected":false},"author":72,"featured_media":0,"comment_status":"open","ping_status":"open","sticky":false,"template":"","format":"standard","meta":{"footnotes":"","_links_to":"","_links_to_target":""},"categories":[5,22,29],"tags":[],"class_list":["post-4024","post","type-post","status-publish","format-standard","hentry","category-automocion","category-en-la-prensa","category-volkswagen"],"publishpress_future_action":{"enabled":false,"date":"2026-05-04 19:22:41","action":"change-status","newStatus":"draft","terms":[],"taxonomy":"category","extraData":[]},"publishpress_future_workflow_manual_trigger":{"enabledWorkflows":[]},"_links":{"self":[{"href":"https:\/\/www.cgt-lkn.org\/bizkaia-gestamp\/wp-json\/wp\/v2\/posts\/4024","targetHints":{"allow":["GET"]}}],"collection":[{"href":"https:\/\/www.cgt-lkn.org\/bizkaia-gestamp\/wp-json\/wp\/v2\/posts"}],"about":[{"href":"https:\/\/www.cgt-lkn.org\/bizkaia-gestamp\/wp-json\/wp\/v2\/types\/post"}],"author":[{"embeddable":true,"href":"https:\/\/www.cgt-lkn.org\/bizkaia-gestamp\/wp-json\/wp\/v2\/users\/72"}],"replies":[{"embeddable":true,"href":"https:\/\/www.cgt-lkn.org\/bizkaia-gestamp\/wp-json\/wp\/v2\/comments?post=4024"}],"version-history":[{"count":1,"href":"https:\/\/www.cgt-lkn.org\/bizkaia-gestamp\/wp-json\/wp\/v2\/posts\/4024\/revisions"}],"predecessor-version":[{"id":4025,"href":"https:\/\/www.cgt-lkn.org\/bizkaia-gestamp\/wp-json\/wp\/v2\/posts\/4024\/revisions\/4025"}],"wp:attachment":[{"href":"https:\/\/www.cgt-lkn.org\/bizkaia-gestamp\/wp-json\/wp\/v2\/media?parent=4024"}],"wp:term":[{"taxonomy":"category","embeddable":true,"href":"https:\/\/www.cgt-lkn.org\/bizkaia-gestamp\/wp-json\/wp\/v2\/categories?post=4024"},{"taxonomy":"post_tag","embeddable":true,"href":"https:\/\/www.cgt-lkn.org\/bizkaia-gestamp\/wp-json\/wp\/v2\/tags?post=4024"}],"curies":[{"name":"wp","href":"https:\/\/api.w.org\/{rel}","templated":true}]}}