{"id":3983,"date":"2015-09-01T14:15:39","date_gmt":"2015-09-01T12:15:39","guid":{"rendered":"http:\/\/www.cgt-lkn.org\/bizkaia\/gestamp\/?p=3983"},"modified":"2018-04-10T17:58:56","modified_gmt":"2018-04-10T15:58:56","slug":"fallecimiento-en-volkswagen-navarra","status":"publish","type":"post","link":"https:\/\/www.cgt-lkn.org\/bizkaia-gestamp\/2015\/09\/01\/fallecimiento-en-volkswagen-navarra\/","title":{"rendered":"FALLECIMIENTO EN VOLKSWAGEN NAVARRA"},"content":{"rendered":"<p>Ayer 31 de Agosto alrededor de las 19:00 horas de la tarde, se di\u00f3 lugar un accidente de trabajo mortal, de un compa\u00f1ero de la empresa TEX (subcontratada por Volkswagen para la realizaci\u00f3n de unas obras dentro de f\u00e1brica) el cual fu\u00e9 arrolado por una carretilla elevadora conducida por un trabajador de la empresa Construcciones Resa (a su vez contratada por TEX).<\/p>\n<p>El Comit\u00e9 de empresa tras conocer lo sucedido, visit\u00f3 el lugar de los hechos, tras lo cual se convoc\u00f3 reuni\u00f3n de urgencia a las 21:15 horas. En dicha reuni\u00f3n se acord\u00f3 por unanimidad realizar un paro de 24 horas desde las 14:00 horas del 1 de septiembre hasta las 14:00 horas del 2 de septiembre y la realizaci\u00f3n de este comunicado a los medios y a la plantilla.<\/p>\n<div class=\"separator\"><a href=\"http:\/\/2.bp.blogspot.com\/-IihHJ9cepiM\/VeWNh8hUvUI\/AAAAAAAACJI\/gD3yhmTVDzY\/s1600\/IMG_20150831_221017.jpg\"><img loading=\"lazy\" decoding=\"async\" class=\"aligncenter\" src=\"http:\/\/2.bp.blogspot.com\/-IihHJ9cepiM\/VeWNh8hUvUI\/AAAAAAAACJI\/gD3yhmTVDzY\/s320\/IMG_20150831_221017.jpg\" alt=\"\" width=\"387\" height=\"516\" border=\"0\" \/><\/a><\/div>\n<p>Hoy a las 09:00 horas, se ha celebrado una reuni\u00f3n de urgencia del Comit\u00e9 de Empresa, la Comisi\u00f3n de Seguridad y Salud con la Direcci\u00f3n de la Empresa para recibir informaci\u00f3n sobre el accidente.<\/p>\n<p>Acto seguido, el Comit\u00e9 de Empresa se ha vuelto a reunir y se ha acordado por unanimidad realizar una Concentraci\u00f3n para ma\u00f1ana 2 de Septiembre a las 13:00 horas en la puerta principal de f\u00e1brica ( aparcamiento de Chapister\u00eda).<\/p>\n<p>Seguiremos informando..<\/p>\n","protected":false},"excerpt":{"rendered":"<p><a href=\"https:\/\/www.cgt-lkn.org\/wp-content\/uploads\/2013\/11\/vw-navarra.jpg\"><img loading=\"lazy\" decoding=\"async\" class=\"size-full wp-image-224 alignleft\" src=\"https:\/\/www.cgt-lkn.org\/wp-content\/uploads\/2013\/11\/vw-navarra.jpg\" alt=\"vw navarra\" width=\"300\" height=\"155\" \/><\/a>A fallecido arrollado por una carretilla.<\/p>\n<p><strong>Concentraci\u00f3n<\/strong> para ma\u00f1ana 2 de Septiembre <strong>a las 13:00<\/strong> horas en la puerta principal de f\u00e1brica<\/p>\n<p>&nbsp;<\/p>\n","protected":false},"author":72,"featured_media":0,"comment_status":"open","ping_status":"open","sticky":false,"template":"","format":"standard","meta":{"footnotes":"","_links_to":"","_links_to_target":""},"categories":[17,29],"tags":[],"class_list":["post-3983","post","type-post","status-publish","format-standard","hentry","category-movilizaciones","category-volkswagen"],"publishpress_future_action":{"enabled":false,"date":"2026-05-02 09:24:39","action":"change-status","newStatus":"draft","terms":[],"taxonomy":"category","extraData":[]},"publishpress_future_workflow_manual_trigger":{"enabledWorkflows":[]},"_links":{"self":[{"href":"https:\/\/www.cgt-lkn.org\/bizkaia-gestamp\/wp-json\/wp\/v2\/posts\/3983","targetHints":{"allow":["GET"]}}],"collection":[{"href":"https:\/\/www.cgt-lkn.org\/bizkaia-gestamp\/wp-json\/wp\/v2\/posts"}],"about":[{"href":"https:\/\/www.cgt-lkn.org\/bizkaia-gestamp\/wp-json\/wp\/v2\/types\/post"}],"author":[{"embeddable":true,"href":"https:\/\/www.cgt-lkn.org\/bizkaia-gestamp\/wp-json\/wp\/v2\/users\/72"}],"replies":[{"embeddable":true,"href":"https:\/\/www.cgt-lkn.org\/bizkaia-gestamp\/wp-json\/wp\/v2\/comments?post=3983"}],"version-history":[{"count":1,"href":"https:\/\/www.cgt-lkn.org\/bizkaia-gestamp\/wp-json\/wp\/v2\/posts\/3983\/revisions"}],"predecessor-version":[{"id":3984,"href":"https:\/\/www.cgt-lkn.org\/bizkaia-gestamp\/wp-json\/wp\/v2\/posts\/3983\/revisions\/3984"}],"wp:attachment":[{"href":"https:\/\/www.cgt-lkn.org\/bizkaia-gestamp\/wp-json\/wp\/v2\/media?parent=3983"}],"wp:term":[{"taxonomy":"category","embeddable":true,"href":"https:\/\/www.cgt-lkn.org\/bizkaia-gestamp\/wp-json\/wp\/v2\/categories?post=3983"},{"taxonomy":"post_tag","embeddable":true,"href":"https:\/\/www.cgt-lkn.org\/bizkaia-gestamp\/wp-json\/wp\/v2\/tags?post=3983"}],"curies":[{"name":"wp","href":"https:\/\/api.w.org\/{rel}","templated":true}]}}