{"id":3854,"date":"2015-06-10T14:50:30","date_gmt":"2015-06-10T14:50:30","guid":{"rendered":"http:\/\/www.cgt-lkn.org\/bizkaia\/gestamp\/?p=3854"},"modified":"2015-06-10T14:50:30","modified_gmt":"2015-06-10T14:50:30","slug":"el-comite-informa-19","status":"publish","type":"post","link":"https:\/\/www.cgt-lkn.org\/bizkaia-gestamp\/2015\/06\/10\/el-comite-informa-19\/","title":{"rendered":"EL COMITE INFORMA"},"content":{"rendered":"<p>NOTA: en la plataforma esta la enfermer\u00eda 24h, aunque en la nota del comit\u00e9 no este.<\/p>\n<p><strong><u>NEGOCIACION CONVENIO 2015<\/u><\/strong><\/p>\n<p>El 17 de marzo entregamos una plataforma de convenio a la direcci\u00f3n de la empresa, solicit\u00e1ndoles que la analizar\u00e1n y nos convocar\u00e1n a la mayor brevedad posible a una primera reuni\u00f3n para comenzar las negociaciones del mismo. Dicha plataforma de convenio se consensu\u00f3 entre los tres sindicatos representados en el comit\u00e9 de empresa. Los puntos m\u00e1s importantes de la plataforma inicial (y negociable)\u00a0 presentada por el comit\u00e9 de Empresa eran los siguientes<\/p>\n<p><strong>VIGENCIA-<\/strong> 2 A\u00d1OS.<\/p>\n<p><strong>JORNADA LABORAL<\/strong>&#8211; Reducci\u00f3n de 4 horas anuales. Que el personal que este en reducci\u00f3n por guarda legal pueda elegir horario, que el personal de jornada partida tuviese una flexibilidad de 1 hora para iniciar su jornada<strong>\u2026<\/strong><\/p>\n<p><strong>CALENDARIO LABORAL &#8211;<\/strong> Penalizar los cambios de calendario al objeto de que no se hiciesen cambios continuos al capricho del responsable de turno, (200 euros a partir del segundo cambio del a\u00f1o), y que el preaviso preceptivo de los 15 d\u00edas para cambio de calendario no coincidiera con periodo vacacional.<\/p>\n<p><strong>PERMISOS RETRIBUIDOS-<\/strong> Mejora de varios permisos (igualar hijos a c\u00f3nyuge, poder coger horas para medico cuando se esta de noche,\u2026)<\/p>\n<p><strong>PERMISOS NO RETRIBUIDOS-<\/strong> Crear un permiso no retribuido pero cotizado para el cuidado de hijo<\/p>\n<p>menor de 12 a\u00f1os ( con limite de trabajadores que se puedan acoger al mismo).<\/p>\n<p><strong>EXCEDENCIAS-<\/strong> Adem\u00e1s de las excedencias legalmente establecidas, crear una excedencia con derecho a reserva de puesto de trabajo (la excedencia voluntaria solo tiene prioridad de entrada en una vacante de tu categor\u00eda) con limites negociables.<\/p>\n<p><strong>COMPLEMENTOS EN BAJAS ENFERMEDAD Y ACCIDENTE NO LABORAL- <\/strong>Se propone dejar como esta la escala pero a\u00f1adiendo que en los casos que la baja supere los 3 meses se pague el 100 %.<\/p>\n<p><strong>INCREMENTO SALARIAL Y PRIMA POR OBJETIVOS-<\/strong><\/p>\n<p>Para el 2015 proponemos una subida lineal de 700 euros en el salario base (recordar que varios pluses van en funci\u00f3n del Salario Base \u2013 Carencia incentivo, Plus noche, 4\u00ba y 5\u00ba relevo\u00a0 con lo que la subida ser\u00eda de m\u00e1s de 700 euros) y 200 euros consolidados en la prima por objetivos. Para el 2016 planteamos una subida porcentual del 2 % y 200 euros consolidados en la prima por objetivos. Los dos a\u00f1os con la garant\u00eda del IPC Real de cada a\u00f1o.<\/p>\n<p><strong>PROMOCIONES Y SISTEMA HAY CATEGORIAS- <\/strong>Que todas las promociones se hagan p\u00fablicas, que no haya salarios distintos en la misma categor\u00eda, y que todo el personal que lleve mas de 10 a\u00f1os en una categor\u00eda tenga derecho a pasar al nivel consolidado con su consiguiente incremento en el salario.<\/p>\n<p><strong>LIMPIEZA ROPA DE TRABAJO- <\/strong>Que se limpie la ropa al personal de los departamentos de troqueler\u00eda, mantenimiento, y montadores y dem\u00e1s \u00a0puestos que as\u00ed que lo requieran ( empezar con estos departamentos ).<\/p>\n<p><a href=\"https:\/\/www.cgt-lkn.org\/wp-content\/uploads\/sites\/20\/2014\/12\/no-ledes-mas-vueltas-afiliate.jpg\"><img loading=\"lazy\" decoding=\"async\" class=\" size-medium wp-image-3574 alignleft\" src=\"https:\/\/www.cgt-lkn.org\/wp-content\/uploads\/sites\/20\/2014\/12\/no-ledes-mas-vueltas-afiliate-217x300.jpg\" alt=\"no ledes mas vueltas afiliate\" width=\"217\" height=\"300\" srcset=\"https:\/\/www.cgt-lkn.org\/bizkaia-gestamp\/wp-content\/uploads\/sites\/20\/2014\/12\/no-ledes-mas-vueltas-afiliate-217x300.jpg 217w, https:\/\/www.cgt-lkn.org\/bizkaia-gestamp\/wp-content\/uploads\/sites\/20\/2014\/12\/no-ledes-mas-vueltas-afiliate-742x1024.jpg 742w, https:\/\/www.cgt-lkn.org\/bizkaia-gestamp\/wp-content\/uploads\/sites\/20\/2014\/12\/no-ledes-mas-vueltas-afiliate-109x150.jpg 109w, https:\/\/www.cgt-lkn.org\/bizkaia-gestamp\/wp-content\/uploads\/sites\/20\/2014\/12\/no-ledes-mas-vueltas-afiliate-400x552.jpg 400w, https:\/\/www.cgt-lkn.org\/bizkaia-gestamp\/wp-content\/uploads\/sites\/20\/2014\/12\/no-ledes-mas-vueltas-afiliate.jpg 580w\" sizes=\"auto, (max-width: 217px) 100vw, 217px\" \/><\/a>Desde el principio ten\u00edamos claro, y as\u00ed se lo hicimos saber a la empresa, que dado los pocos puntos que present\u00e1bamos (tenemos un convenio con una base s\u00f3lida), quer\u00edamos\u00a0una negociaci\u00f3n ser\u00eda, \u00e1gil y honrada, de ah\u00ed que empez\u00e1ramos con unas propuestas muy cercanas a lo que deber\u00eda ser lel acuerdo\u00a0 definitivo. Tambi\u00e9n le transmitimos a la direcci\u00f3n que consider\u00e1bamos que en este convenio, la empresa ten\u00eda que hacer un esfuerzo en el cap\u00edtulo salarial, dado que ven\u00edamos de convenios con subidas moderadas contextualizadas en un entorno post ERE y arranque de un nuevo proyecto con todo lo que ello supone.<\/p>\n<p>En aras de llegar a un acuerdo, adem\u00e1s de retirar varios puntos de la plataforma como la reducci\u00f3n de horas de trabajo ( la empresa ha retirado su petici\u00f3n de aumento de la jornada ) , hemos estado transmitiendo \u00a0a la empresa de manera continuada, nuestra disponibilidad a negociar varios puntos de su propuesta siempre que hablemos de una subida salarial en condiciones, y atemos algunos aspectos sociales.<\/p>\n<p>Pues bien despu\u00e9s de tantas semanas, la \u00faltima propuesta (claro reflejo de su nula intenci\u00f3n de negociar) que nos ha entregado la direcci\u00f3n de la empresa, en la reuni\u00f3n del mi\u00e9rcoles 4 de junio, fundamentalmente \u00a0es la siguiente:<\/p>\n<p><strong>VIGENCIA-<\/strong> 3 A\u00d1OS.<\/p>\n<p><strong>JORNADA LABORAL-<\/strong> Mantenerla.<\/p>\n<p><strong>FLEXIBLIDAD- <\/strong>Se plantea una bolsa de 10 jornadas de trabajo (parecida a la que tiene Mercedes), con d\u00edas que se pueden activar, bolsa positiva, y bolsa negativa, con d\u00edas que se pueden dejar de trabajar. La compensaci\u00f3n ser\u00e1 de d\u00eda por d\u00eda, salvo en los caso que abarque s\u00e1bados o d\u00edas de descanso (1 d\u00eda\u00a0 + plus de 80 euros) y domingos y festivos (1 d\u00eda\u00a0 + plus de 90 euros).<\/p>\n<p><strong>INCREMENTO SALARIAL-<\/strong><\/p>\n<p><strong>2015<\/strong>&#8211; Menos de 95.000 veh\u00edculos Mercedes \u2013 0 %.<\/p>\n<p>95.001 -125.000 veh\u00edculos Mercedes \u2013 0,2 %.<\/p>\n<p>Mas de 125.000 veh\u00edculos Mercedes \u2013 0,4 %.<\/p>\n<p><strong>2016-<\/strong> Menos de 115.000 veh\u00edculos Mercedes \u2013 0 %.<\/p>\n<p>115.001 -125.000 veh\u00edculos Mercedes \u2013 0,2 %.<\/p>\n<p>Mas de 125.000 veh\u00edculos Mercedes \u2013 0,4 %.<\/p>\n<p>&nbsp;<\/p>\n<p><strong>2017- <\/strong>Menos de 115.000 veh\u00edculos Mercedes \u2013 0 %.<\/p>\n<p>115.001 -125.000 veh\u00edculos Mercedes \u2013 0,2 %.<\/p>\n<p>Mas de 125.000 veh\u00edculos Mercedes \u2013 0,4<\/p>\n<p><strong>PRIMA POR OBJETIVOS-<\/strong><\/p>\n<p>No incrementar la parte fija y la posibilidad de cobrar 50 euros anuales m\u00e1s NO CONSOLIDABLES si el a\u00f1o en cuesti\u00f3n mejora el \u00edndice de absentismo del a\u00f1o anterior.<\/p>\n<p>A todas las dem\u00e1s peticiones como por ejemplo mejorar los complementos de enfermedad dicen que no, y a lo que no dicen que no le ponen unas clausulas para que la decisi\u00f3n\u00a0 siempre quede en manos de la direcci\u00f3n de la empresa.<\/p>\n<p>En Resumen lo que la empresa propone, es NO a todo, un convenio largo de 3 a\u00f1os, y una propuesta \u201cmiserable\u201d de subida , para unos\u00a0 a\u00f1os en los cuales probablemente hagamos record de producci\u00f3n y facturaci\u00f3n.\u00a0 Solo este a\u00f1o, el 2015,\u00a0Mercedes Vitoria prev\u00e9 98.000 veh\u00edculos y a eso habr\u00eda que sumarle\u00a0 la producci\u00f3n de piezas para\u00a0 China y recambios\u00a0\u00a0\u00a0\u00a0\u00a0(que traducido a veh\u00edculos ser\u00eda como 10.000 furgonetas m\u00e1s).<\/p>\n<p>Esta claro que esta raqu\u00edtica propuesta, adem\u00e1s de ser una falta de respeto al Comit\u00e9 de Empresa y la plantilla que representa,\u00a0demuestra la nula voluntad de negociaci\u00f3n de la direcci\u00f3n de la empresa.<\/p>\n<p>Por todo ello, adem\u00e1s de pedirle a la empresa esta semana, el comit\u00e9 de empresa iniciara unas movilizaciones, en forma de concentraci\u00f3n delante de las instalaciones de la empresa, este jueves y viernes de 13,30-14,30.<\/p>\n<p>Seguiremos informando<\/p>\n<p>Martxoak 17an, enpresako zuzendaritzari lan hitzarmenerako gure plataforma eman genion, aztertu zezaten, eta lehenbailehen, berori negoziatzeko bilera batera deitzeko eskatu genien. Lan Hitzarmenerako plataforma hori Komitean ordezkatuta dauden hiru sindikatuekin adostu zen.\u00a0 Komiteak aurkeztutako haserako plataforma (negoziagarria) horretako puntu garrantzitsuenak hurrengoak dira:<\/p>\n<p>&nbsp;<\/p>\n<p><strong>IRAUPENA-<\/strong> 2 urte.<\/p>\n<p><strong>LAN ORDUAK<\/strong>&#8211; Urte bakoitzeko 4 orduko murriztea. Legezko zaintzagatiko lanaldi murrizpena duten langileek beraien ordutegia aukeratu ahal izatea, lanaldi zatitua duten langileek, beraien laneguna hasteko ordu bateko malgutasuna izatea .<\/p>\n<p><strong>LAN EGUTEGIA \u2013<\/strong> Lan egutegi aldaketak zigortzea, aldaketa hauek etengabe erreleboko arduradunaren kapritxora egin ez daitezen (200 euro urteko bigarren aldaketatik aurrera) eta lan egutegia aldatzeko gutxieneko 15 eguneko aurre-abisuak ez dezala bat egin oporraldiarekin.<\/p>\n<p><strong>ORDAINDUTAKO BAIMENAK- <\/strong>Hainbat baimen hobetzea (seme-alabak ezkontidearekin parekatzea, gaueko txandan zaudenean orduak hartu ahal izatea medikura joateko\u2026)<\/p>\n<p><strong>ORDAINDU GABEKO BAIMENAK-<\/strong> 12 urte baino gutxiagoko seme-alabagatiko baimen bat sortzea, kotizatua izango dena, baina soldatarik gabekoa.<\/p>\n<p><strong>ESZEDENTZIAK-<\/strong> Legalki ezarritako eszedentzietatik gaindi, beste eszedentzia bat adostea lanpostuaren erreserba izango duena (borondatezko eszedentziak duen bakarra kategoria berdin edo antzekoetan kontratatzeko lehentasuna) muga negoziagarriekin.<\/p>\n<p><strong>LANEKOAK EZ DIREN GAIXOTASUN EDO ISTRIPUENGATIKO \u00a0BAJEN OSAGARRIAK-<\/strong>Eskala dagoen bezala uztea proposatzen da, baina zerbait gaineratuz, hots, baja 3 hilabete baino gehiagokoa denean %100 ordaintzea.<\/p>\n<p><strong>SOLDATA IGOERA ETA HELBURUENGATIKO PRIMA- <\/strong>2015erako, oinarrizko soldatan 700 euroko soldata igoera lineal bat proposatzen dugu (gogoratu beharra dago plus asko oinarrizko soldataren arabera doazela- pizgarri falta, gaueko plusa, 4. eta 5.erreleboak, ondorioz igoera 700 euroko baino gehiago izango da) eta 200 euro kontsolidatuak helburuengatiko priman. 2016rako, %2ko igoera portzentual bat proposatzen dugu eta 200 euro kontsolidatuak helburuengatiko priman. Bi urtetan , urte bakoitzeko KPI errealaren bermearekin.<\/p>\n<p><strong>PROMOZIAK ETA KATEGORIEN HAY SISTEMA- <\/strong>Promozio denak publiko egin daitezela, kategoria berdinean soldata desberdinak ez egotea, eta 10 urte baino gehiago kategoria berdinean dauden langile guztiek eskubidea izan dezatela maila kontsolidatura pasatzeko, dagokion soldata igoerarekin.<\/p>\n<p><strong>LANEKO ARROPAREN GARBIKETA- <\/strong>Trokelgintza eta mantentze sailetako,\u00a0montadoreentzako \u00a0\u00a0\u00a0postu hauekin hasi)\u00a0 eta beharrezko den postu guztientzako arropa garbiketa<\/p>\n<p>Hasieratik argi genuen, eta horrela jakinarazi genion enpresari, negoziatzeko puntu gutxi aurkezten genituenez (oinarri sendoa duen lan hitzarmena dugu), negoziazio serio, azkar eta ondradu bat nahi genuela. Horregatik hasi genuen negoziaketa, azken akordioa izan daitekeenaren nahiko hurbil dauden proposamenekin. Era berean, enpresari esan genion, Lan Hitzarmen honetan, esfortzu bat egin beharra zuela soldaten atalean, aurreko urteetako hitzarmenetan, soldata igoera moderatuak adostu genituelako\u00a0 ERE osteko egoera batetik gentozelako \u00a0eta proiektu berri bat ezartzeko testuinguru batean geundelako, guzti horrek suposatzen duenarekin.<\/p>\n<p>Adostasunetara heltzeko asmoarekin, plataformako puntu batzuk erretiratzeaz aparte, lanorduen murrizketa adibidez (enpresak ere lanorduak igotzeko eskaera erretiratu du), etengabe jakinarazi diogu enpresari, prest gaudela bere proposameneko puntu batzuk negoziatzeko, beti ere, soldata igoera egoki bateri buruz hitz egiten badugu, eta izaera sozialeko puntu batzuk lotzen baditugu.<\/p>\n<p>&nbsp;<\/p>\n<p>Azkenean, hainbeste aste eta gero, enpresak helarazi digun\u00a0 azken proposamena (negoziatzeko duen interes faltaren adierazgarri), ekainak 4ko batzarrean hain zuzen ere, laburbilduta hurrengoa da:<\/p>\n<p><strong>IRAUPENA-<\/strong> 2 urte.<\/p>\n<p><strong>LAN ORDUAK-<\/strong> Dagoen bezala mantentzea.<\/p>\n<p><strong>MALGUTASUNA- <\/strong>10 lan eguneko lan poltsa bat planteatzen da ( Mercedesek duenaren oso antzekoa ) aktibatu daitezkeen egunekin, hots, poltsa positiboa, eta lan egin gabe utzi daitezkeen egunekin, hots, poltsa negatiboa. Konpentsazioa, egun bat egun bakoitzeko izango da, hurrengo kasuetan salbu: Larunbat edo deskantsu egunetan (egun bat + 80 euro) eta igande edo jaiegunetan ( egun bat+ 90 euro).<\/p>\n<p><strong>SOLDATA IGOERA-<\/strong><\/p>\n<p><strong>2015<\/strong>&#8211; Mercedeseko 95.000 ibilgailu baino gutxiago- % 0.<\/p>\n<p>95.001-125.000 Mercedeseko ibilgailu- %0,2 %.<\/p>\n<p>Mercedeseko 125.000 ibilgailu baino gehiago &#8211; % 0,4.<\/p>\n<p>&nbsp;<\/p>\n<p><strong>2016-<\/strong> Mercedeseko 115.000 ibilgailu baino gutxiago- % 0.<\/p>\n<p>115.001-125.000 Mercedeseko ibilgailu- %0,2 %.<\/p>\n<p>Mercedeseko 125.000 ibilgailu baino gehiago &#8211; % 0,4.<\/p>\n<p>&nbsp;<\/p>\n<p><strong>2017- <\/strong>Mercedeseko 115.000 ibilgailu baino gutxiago- % 0.<\/p>\n<p>115.001-125.000 Mercedeseko ibilgailu- %0,2 %.<\/p>\n<p>Mercedeseko 125.000 ibilgailu baino gehiago &#8211; % 0,4.<\/p>\n<p><strong>HELBURUENGATIKO PRIMA-<\/strong><\/p>\n<p>Parte finkoa ez igotzea eta 50 euro urteko EZ KONTSOLIDATUAK\u00a0 kobratzea proposatzen dute , azken hauek beti ere aurreko urteko absentismo indizea hobetzen baldin bada.<\/p>\n<p>Beste gainontzeko proposamenei , gaixotasunagatiko osagarriak hobetzeko proposamenari kasu, ezetz esaten diote, eta ezetz esaten ez dieten proposamenei, zenbait klausula jartzen diete, \u00a0erabakia beti enpresako zuzendaritzaren eskutan geratu dadin.<\/p>\n<p>Laburbilduz, enpresaren proposamena, denari EZ esatea da, 3 urteko Lan Hitzarmen luze bat, eta soldata igoera \u201cmiserable\u201d bat, urte batzutarako, zeinetan ziurrenik produkzio zein fakturazio errekorra egingo dugun. 2015ean zehar soilik, Gasteizko Mercedesek, 98.000 ibilgailu egitea aurreikusten du, eta zifra horri gainera, Txinarako zein errekanbiotarako piezak batu behar zaizkio (ibilgailuetara itzulia 10.000 inguru).<\/p>\n<p>Argi dago, zuzendaritzak proposamen honekin, komiteari zein ordezkatzen duen plantillari dion errespetu urria adierazteaz gaindi, negoziatzeko duen gogo eza adierazten duela.<\/p>\n<p>Guzti honengatik, enpresari, jarrera aldaketa eta proposamen serioak egin ditzan eskatzeaz aparte, komitekideok, aste honetan zehar mobilizazioak hasiko ditugu, ostegun eta ostiralean, 13\u00b430-14\u00b430 etara enpresa aurrean kontzentratuz.<\/p>\n<p>Informatzen jarraituko dugu<\/p>\n<p>Abadi\u00f1on 2015 ekainaren 8an<\/p>\n","protected":false},"excerpt":{"rendered":"<p><a href=\"https:\/\/www.cgt-lkn.org\/wp-content\/uploads\/sites\/20\/2014\/12\/nos-necesitamos.png\"><img loading=\"lazy\" decoding=\"async\" class=\"  wp-image-3551 alignleft\" src=\"https:\/\/www.cgt-lkn.org\/wp-content\/uploads\/sites\/20\/2014\/12\/nos-necesitamos-300x43.png\" alt=\"nos necesitamos\" width=\"502\" height=\"72\" srcset=\"https:\/\/www.cgt-lkn.org\/bizkaia-gestamp\/wp-content\/uploads\/sites\/20\/2014\/12\/nos-necesitamos-300x43.png 300w, https:\/\/www.cgt-lkn.org\/bizkaia-gestamp\/wp-content\/uploads\/sites\/20\/2014\/12\/nos-necesitamos-1024x148.png 1024w, https:\/\/www.cgt-lkn.org\/bizkaia-gestamp\/wp-content\/uploads\/sites\/20\/2014\/12\/nos-necesitamos-150x21.png 150w, https:\/\/www.cgt-lkn.org\/bizkaia-gestamp\/wp-content\/uploads\/sites\/20\/2014\/12\/nos-necesitamos-400x58.png 400w, https:\/\/www.cgt-lkn.org\/bizkaia-gestamp\/wp-content\/uploads\/sites\/20\/2014\/12\/nos-necesitamos.png 800w\" sizes=\"auto, (max-width: 502px) 100vw, 502px\" \/><\/a><\/p>\n<p>En Resumen lo que la empresa propone, es NO a todo, un convenio largo de 3 a\u00f1os, y una propuesta \u201cmiserable\u201d de subida , para unos\u00a0 a\u00f1os en los cuales probablemente hagamos record de producci\u00f3n y facturaci\u00f3n.\u00a0 Solo este a\u00f1o, el 2015,\u00a0Mercedes Vitoria prev\u00e9 98.000 veh\u00edculos y a eso habr\u00eda que sumarle\u00a0 la producci\u00f3n de piezas para\u00a0 China y recambios\u00a0\u00a0\u00a0\u00a0\u00a0(que traducido a veh\u00edculos ser\u00eda como 10.000 furgonetas m\u00e1s).<\/p>\n<p>Esta claro que esta raqu\u00edtica propuesta, adem\u00e1s de ser una falta de respeto al Comit\u00e9 de Empresa y la plantilla que representa,\u00a0demuestra la nula voluntad de negociaci\u00f3n de la direcci\u00f3n de la empresa.<\/p>\n<p>Por todo ello<\/p>\n","protected":false},"author":6,"featured_media":0,"comment_status":"open","ping_status":"open","sticky":false,"template":"","format":"standard","meta":{"footnotes":"","_links_to":"","_links_to_target":""},"categories":[7,13],"tags":[],"class_list":["post-3854","post","type-post","status-publish","format-standard","hentry","category-comunicados","category-gestamp"],"publishpress_future_action":{"enabled":false,"date":"2026-05-06 08:49:26","action":"change-status","newStatus":"draft","terms":[],"taxonomy":"category","extraData":[]},"publishpress_future_workflow_manual_trigger":{"enabledWorkflows":[]},"_links":{"self":[{"href":"https:\/\/www.cgt-lkn.org\/bizkaia-gestamp\/wp-json\/wp\/v2\/posts\/3854","targetHints":{"allow":["GET"]}}],"collection":[{"href":"https:\/\/www.cgt-lkn.org\/bizkaia-gestamp\/wp-json\/wp\/v2\/posts"}],"about":[{"href":"https:\/\/www.cgt-lkn.org\/bizkaia-gestamp\/wp-json\/wp\/v2\/types\/post"}],"author":[{"embeddable":true,"href":"https:\/\/www.cgt-lkn.org\/bizkaia-gestamp\/wp-json\/wp\/v2\/users\/6"}],"replies":[{"embeddable":true,"href":"https:\/\/www.cgt-lkn.org\/bizkaia-gestamp\/wp-json\/wp\/v2\/comments?post=3854"}],"version-history":[{"count":1,"href":"https:\/\/www.cgt-lkn.org\/bizkaia-gestamp\/wp-json\/wp\/v2\/posts\/3854\/revisions"}],"predecessor-version":[{"id":3855,"href":"https:\/\/www.cgt-lkn.org\/bizkaia-gestamp\/wp-json\/wp\/v2\/posts\/3854\/revisions\/3855"}],"wp:attachment":[{"href":"https:\/\/www.cgt-lkn.org\/bizkaia-gestamp\/wp-json\/wp\/v2\/media?parent=3854"}],"wp:term":[{"taxonomy":"category","embeddable":true,"href":"https:\/\/www.cgt-lkn.org\/bizkaia-gestamp\/wp-json\/wp\/v2\/categories?post=3854"},{"taxonomy":"post_tag","embeddable":true,"href":"https:\/\/www.cgt-lkn.org\/bizkaia-gestamp\/wp-json\/wp\/v2\/tags?post=3854"}],"curies":[{"name":"wp","href":"https:\/\/api.w.org\/{rel}","templated":true}]}}