{"id":3833,"date":"2015-05-28T11:19:52","date_gmt":"2015-05-28T11:19:52","guid":{"rendered":"http:\/\/www.cgt-lkn.org\/bizkaia\/gestamp\/?p=3833"},"modified":"2015-05-28T11:19:52","modified_gmt":"2015-05-28T11:19:52","slug":"con-nosotros-o-con-ellos","status":"publish","type":"post","link":"https:\/\/www.cgt-lkn.org\/bizkaia-gestamp\/2015\/05\/28\/con-nosotros-o-con-ellos\/","title":{"rendered":"\u00bfCON NOSOTROS O CON ELLOS?"},"content":{"rendered":"<p style=\"text-align: left\"><a href=\"http:\/\/www.asociaciongerminal.org\/wp-content\/uploads\/2015\/05\/problema-obediencia.jpg\"><img loading=\"lazy\" decoding=\"async\" class=\" size-medium wp-image-919 alignleft\" src=\"http:\/\/www.asociaciongerminal.org\/wp-content\/uploads\/2015\/05\/problema-obediencia-187x300.jpg\" alt=\"problema obediencia\" width=\"187\" height=\"300\" \/><\/a><\/p>\n<p>Ha amanecido, tengo que ir a trabajar. Voy a trabajar porque tengo trabajo, mientras que casi cinco millones de personas en este pa\u00eds no lo tienen. Eso me da miedo. Voy a ir a trabajar porque hay que pagar las facturas y el alquiler.<\/p>\n<p>Voy a trabajar a pesar de saber que voy a cobrar s\u00f3lo una parte de mi sueldo, y que otra vez no llegar\u00e9 a fin de mes. Voy a trabajar y tendr\u00e9 que volver a escuchar lo de la paciencia, que la situaci\u00f3n es dif\u00edcil y que pronto mejorara. Pero cada ma\u00f1ana tengo la extra\u00f1a convicci\u00f3n de que nada va a cambiar. \u00a0Entro en el tren y veo el mismo gesto de inseguridad en todos los dem\u00e1s pasajeros.<\/p>\n<p>Tengo miedo por m\u00ed y por ellos, miedo sobre todo a que nos acostumbremos a vivir as\u00ed, con miedo. Por eso, la pr\u00f3xima vez que te pregunte \u00bfqu\u00e9 vamos a hacer?, no me digas que las cosas se van a arreglar. No me digas que tenga paciencia. No trates de explicarme que en todas partes es as\u00ed. No trates de justificarme por qu\u00e9 no nos pueden pagar. No me importa. Dime solo si has decidido de qu\u00e9 lado est\u00e1s. Dime si est\u00e1s conmigo o con los otros, porque las cosas est\u00e1n claras.<\/p>\n<p>El miedo que me quieres transmitir es un arma de la patronal para mantenernos obedientes.<\/p>\n<p>La solidaridad y la lucha com\u00fan contra la devaluaci\u00f3n de nuestra vida y de nuestro trabajo es la \u00fanica arma contra los patrones, peque\u00f1os o grandes. No pienses t\u00fa por los patrones, ya hay otros que se preocupan por ellos. Piensa como trabajador, piensa en tus propios intereses y no te dejes enga\u00f1ar, no coinciden con los suyos. As\u00ed que la pr\u00f3xima vez que te pregunte no me digas que las cosas se van a arreglar. Dime solo si est\u00e1s con nosotros o con ellos. El resto lo podemos\u00a0arreglar<\/p>\n<p style=\"text-align: center\">La resignaci\u00f3n es un suicidio cotidiano\u201d<\/p>\n<p style=\"text-align: center\"><a href=\"http:\/\/www.asociaciongerminal.org\/wp-content\/uploads\/2015\/05\/los-obedientes-deben-ser-esclavos.jpg\"><img loading=\"lazy\" decoding=\"async\" class=\"  wp-image-920 aligncenter\" src=\"http:\/\/www.asociaciongerminal.org\/wp-content\/uploads\/2015\/05\/los-obedientes-deben-ser-esclavos-300x91.jpg\" alt=\"los obedientes deben ser esclavos\" width=\"366\" height=\"111\" \/><\/a><\/p>\n<p>&nbsp;<\/p>\n","protected":false},"excerpt":{"rendered":"<p><a href=\"http:\/\/www.asociaciongerminal.org\/wp-content\/uploads\/2015\/05\/problema-obediencia.jpg\"><img loading=\"lazy\" decoding=\"async\" class=\" size-medium wp-image-919 alignleft\" src=\"http:\/\/www.asociaciongerminal.org\/wp-content\/uploads\/2015\/05\/problema-obediencia-187x300.jpg\" alt=\"problema obediencia\" width=\"187\" height=\"300\" \/><\/a><\/p>\n<p>El miedo que me quieres transmitir es un arma de la patronal para mantenernos obedientes.<\/p>\n<p>La solidaridad y la lucha com\u00fan contra la devaluaci\u00f3n de nuestra vida y de nuestro trabajo es la \u00fanica arma contra los patrones, peque\u00f1os o grandes. No pienses t\u00fa por los patrones, ya hay otros que se preocupan por ella&#8230;.<\/p>\n<p><img loading=\"lazy\" decoding=\"async\" class=\"\" src=\"http:\/\/www.asociaciongerminal.org\/wp-content\/uploads\/2015\/05\/los-obedientes-deben-ser-esclavos-300x91.jpg\" alt=\"los obedientes deben ser esclavos\" width=\"455\" height=\"138\" \/><\/p>\n","protected":false},"author":6,"featured_media":0,"comment_status":"open","ping_status":"open","sticky":false,"template":"","format":"standard","meta":{"footnotes":"","_links_to":"","_links_to_target":""},"categories":[30,2,1,20],"tags":[],"class_list":["post-3833","post","type-post","status-publish","format-standard","hentry","category-accion-directa","category-anarquismo","category-general","category-opinion-debate"],"publishpress_future_action":{"enabled":false,"date":"2026-05-06 19:03:52","action":"change-status","newStatus":"draft","terms":[],"taxonomy":"category","extraData":[]},"publishpress_future_workflow_manual_trigger":{"enabledWorkflows":[]},"_links":{"self":[{"href":"https:\/\/www.cgt-lkn.org\/bizkaia-gestamp\/wp-json\/wp\/v2\/posts\/3833","targetHints":{"allow":["GET"]}}],"collection":[{"href":"https:\/\/www.cgt-lkn.org\/bizkaia-gestamp\/wp-json\/wp\/v2\/posts"}],"about":[{"href":"https:\/\/www.cgt-lkn.org\/bizkaia-gestamp\/wp-json\/wp\/v2\/types\/post"}],"author":[{"embeddable":true,"href":"https:\/\/www.cgt-lkn.org\/bizkaia-gestamp\/wp-json\/wp\/v2\/users\/6"}],"replies":[{"embeddable":true,"href":"https:\/\/www.cgt-lkn.org\/bizkaia-gestamp\/wp-json\/wp\/v2\/comments?post=3833"}],"version-history":[{"count":1,"href":"https:\/\/www.cgt-lkn.org\/bizkaia-gestamp\/wp-json\/wp\/v2\/posts\/3833\/revisions"}],"predecessor-version":[{"id":3834,"href":"https:\/\/www.cgt-lkn.org\/bizkaia-gestamp\/wp-json\/wp\/v2\/posts\/3833\/revisions\/3834"}],"wp:attachment":[{"href":"https:\/\/www.cgt-lkn.org\/bizkaia-gestamp\/wp-json\/wp\/v2\/media?parent=3833"}],"wp:term":[{"taxonomy":"category","embeddable":true,"href":"https:\/\/www.cgt-lkn.org\/bizkaia-gestamp\/wp-json\/wp\/v2\/categories?post=3833"},{"taxonomy":"post_tag","embeddable":true,"href":"https:\/\/www.cgt-lkn.org\/bizkaia-gestamp\/wp-json\/wp\/v2\/tags?post=3833"}],"curies":[{"name":"wp","href":"https:\/\/api.w.org\/{rel}","templated":true}]}}