{"id":352,"date":"2009-02-07T21:52:08","date_gmt":"2009-02-07T21:52:08","guid":{"rendered":"http:\/\/www.cgt-lkn.org\/bizkaia\/estampa\/?p=352"},"modified":"2013-11-14T14:04:46","modified_gmt":"2013-11-14T14:04:46","slug":"el-congreso-rechaza-pedir-la-regulacion-de-la-apostasia-y-la-eliminacion-de-datos-de-la-iglesia","status":"publish","type":"post","link":"https:\/\/www.cgt-lkn.org\/bizkaia-gestamp\/2009\/02\/07\/el-congreso-rechaza-pedir-la-regulacion-de-la-apostasia-y-la-eliminacion-de-datos-de-la-iglesia\/","title":{"rendered":"El Congreso rechaza pedir la regulaci\u00f3n de la apostas\u00eda y la eliminaci\u00f3n de datos de la Iglesia"},"content":{"rendered":"<p style=\"text-align: justify\">Las propuestas presentadas por ERC-IU-ICV fueron rechazadas por todos los dem\u00e1s grupos parlamentarios, que coincidieron en argumentar que los procedimientos para darse de baja en una confesi\u00f3n religiosa pertenecen al \u00e1mbito interno de cada religi\u00f3n, y que los archivos de la Iglesia son de car\u00e1cter hist\u00f3rico.<br \/>As\u00ed, el representante del PSOE Jordi Pedret ha subrayado que la apostas\u00eda es un acto no jur\u00eddico que regula la propia Iglesia y que no tiene efectos jur\u00eddicos, por lo que no compete al Parlamento decidir sobre esta cuesti\u00f3n.<br \/>En nombre del PP, Eugenio Nasarre, record\u00f3 que el Tribunal Supremo ha determinado en hasta cuatro sentencias que los registros de bautismo de la Iglesia cat\u00f3lica no son ficheros de datos, sino listados de car\u00e1cter hist\u00f3rico, por lo que cabe modificarlos con notas al margen, pero no destruirlos.<br \/>Para Nasarre, borrar los datos sobre los bautismos ser\u00eda como pretender que desaparezca de los registros la existencia de un matrimonio por la Iglesia una vez que se haya disuelto.<br \/>La comisi\u00f3n de Justicia tambi\u00e9n ha rechazado otra proposici\u00f3n no de Ley de ERC-IU-ICV para instar al Gobierno a revisar los acuerdos del Estado con la Santa Sede del 1975 al 1979 y a reformar la Ley Org\u00e1nica de Libertad Religiosa.<br \/>Los Grupos Parlamentarios coincidieron en recordar que se trata de una iniciativa \u00abcopiada\u00bb de la legislatura pasada y vuelta a presentar, y rechazaron que se trate de una ley con \u00abimpulsos pre-democr\u00e1ticos\u00bb que establece una relaci\u00f3n de privilegio con la Iglesia cat\u00f3lica.<br \/>La diputada del PSOE Meritxel Batet ha subrayado que el Gobierno ya ha anunciado su voluntad de reformar la Ley de Libertad Religiosa en esta Legislatura y que ese ser\u00e1 el tr\u00e1mite adecuado para debatir estos asuntos.<br \/>Adem\u00e1s ha asegurado que dicha Ley no dispone una relaci\u00f3n de \u00abprivilegio de la Iglesia cat\u00f3lica ni desatenci\u00f3n de las dem\u00e1s\u00bb.<br \/>En nombre del PP, Nasarre ha apuntado que la \u00abneutralidad confesional del Estado no debe suponer una hostilidad\u00bb con la Iglesia Cat\u00f3lica y que los acuerdos siguen siendo el marco adecuado de relaci\u00f3n Iglesia-Estado.<\/p>\n","protected":false},"excerpt":{"rendered":"<div style=\"text-align: justify\">La comisi\u00f3n de Justicia del Congreso de los Diputados ha rechazado hoy dos proposiciones no de Ley por las que se instaba al Gobierno a regular el derecho y procedimiento para darse de baja en una religi\u00f3n y la eliminaci\u00f3n de los datos personales de los registros de las iglesias.<\/div>\n","protected":false},"author":72,"featured_media":0,"comment_status":"open","ping_status":"open","sticky":false,"template":"","format":"standard","meta":{"footnotes":"","_links_to":"","_links_to_target":""},"categories":[22],"tags":[],"class_list":["post-352","post","type-post","status-publish","format-standard","hentry","category-en-la-prensa"],"publishpress_future_action":{"enabled":false,"date":"2026-05-07 06:02:13","action":"change-status","newStatus":"draft","terms":[],"taxonomy":"category","extraData":[]},"publishpress_future_workflow_manual_trigger":{"enabledWorkflows":[]},"_links":{"self":[{"href":"https:\/\/www.cgt-lkn.org\/bizkaia-gestamp\/wp-json\/wp\/v2\/posts\/352","targetHints":{"allow":["GET"]}}],"collection":[{"href":"https:\/\/www.cgt-lkn.org\/bizkaia-gestamp\/wp-json\/wp\/v2\/posts"}],"about":[{"href":"https:\/\/www.cgt-lkn.org\/bizkaia-gestamp\/wp-json\/wp\/v2\/types\/post"}],"author":[{"embeddable":true,"href":"https:\/\/www.cgt-lkn.org\/bizkaia-gestamp\/wp-json\/wp\/v2\/users\/72"}],"replies":[{"embeddable":true,"href":"https:\/\/www.cgt-lkn.org\/bizkaia-gestamp\/wp-json\/wp\/v2\/comments?post=352"}],"version-history":[{"count":1,"href":"https:\/\/www.cgt-lkn.org\/bizkaia-gestamp\/wp-json\/wp\/v2\/posts\/352\/revisions"}],"predecessor-version":[{"id":2512,"href":"https:\/\/www.cgt-lkn.org\/bizkaia-gestamp\/wp-json\/wp\/v2\/posts\/352\/revisions\/2512"}],"wp:attachment":[{"href":"https:\/\/www.cgt-lkn.org\/bizkaia-gestamp\/wp-json\/wp\/v2\/media?parent=352"}],"wp:term":[{"taxonomy":"category","embeddable":true,"href":"https:\/\/www.cgt-lkn.org\/bizkaia-gestamp\/wp-json\/wp\/v2\/categories?post=352"},{"taxonomy":"post_tag","embeddable":true,"href":"https:\/\/www.cgt-lkn.org\/bizkaia-gestamp\/wp-json\/wp\/v2\/tags?post=352"}],"curies":[{"name":"wp","href":"https:\/\/api.w.org\/{rel}","templated":true}]}}