{"id":342,"date":"2009-04-24T21:45:43","date_gmt":"2009-04-24T21:45:43","guid":{"rendered":"http:\/\/www.cgt-lkn.org\/bizkaia\/estampa\/?p=342"},"modified":"2013-11-14T14:04:46","modified_gmt":"2013-11-14T14:04:46","slug":"apoyo-del-grupo-de-coordinacion-del-6o-consejo-internacional-de-los-trabajadores-del-sector-del-automovil","status":"publish","type":"post","link":"https:\/\/www.cgt-lkn.org\/bizkaia-gestamp\/2009\/04\/24\/apoyo-del-grupo-de-coordinacion-del-6o-consejo-internacional-de-los-trabajadores-del-sector-del-automovil\/","title":{"rendered":"Apoyo del Grupo de coordinaci\u00f3n del 6\u00ba Consejo Internacional de los Trabajadores del Sector del Autom\u00f3vil."},"content":{"rendered":"<p style=\"text-align: justify\">Muchos saludos desde Alemania, de los compa\u00f1eros de Volkswagen, de los compa\u00f1eros de las proveedoras de la industria del auto y en especial del grupo de coordinaci\u00f3n del 6\u00ba Consejo Internacional de los Trabajadores del Sector del Autom\u00f3vil en Braunschweig.<\/p>\n<p style=\"text-align: justify\">El Consejo Internacional de los Trabajadores del Sector del Autom\u00f3vil es un una uni\u00f3n internacional de todos los trabajadores del auto, de los trabajadores de las proveedoras, y de sus familias. Delegaciones de muchos pa\u00edses de todas partes del mundo se juntan para deliberar acerca de c\u00f3mo proceder ante la distancia entre los trabajadores de la industria y c\u00f3mo apoyarse unos a otros.<\/p>\n<p style=\"text-align: justify\">Nos alegra mucho en particular el poder haber creado lazos de amistad con compa\u00f1eros de la CGT, quienes mueven a compa\u00f1eros en toda Espa\u00f1a a participar de este consejo.<\/p>\n<p style=\"text-align: justify\">Los felicitamos por su valiente protesta contra la acci\u00f3n de las empresas de descargar el peso de la crisis sobre las espaldas de los pobres, de los trabajadores y de los peque\u00f1os empresarios.<\/p>\n<p style=\"text-align: justify\">En Espa\u00f1a, as\u00ed como en Alemania, a menudo reciben las mismas multinacionales cientos de billones de euros de subvenciones, para conseguir los m\u00e1ximos beneficios a pesar de la crisis capitalista.<\/p>\n<p style=\"text-align: justify\">Primero nos explotan! luego se deshacen del capital sobrante. Miles de trabajadores, a trav\u00e9s de EREs, ya han sido despedidos. Quienes mas lo sufren y estan bajo esta situaci\u00f3n son los j\u00f3venes. Los sindicatos exigen renunciar a salarios y pensiones. El desarrollo de esta situaci\u00f3n va a empeorar. Renunciar a lo que nos corresponde no va a ayudar a nada. Tenemos que luchar juntos en todos los pa\u00edses por una reducci\u00f3n del tiempo de trabajo! En Alemania defendemos la semana laboral de 30 horas con completa compensaci\u00f3n salarial!<\/p>\n<p style=\"text-align: justify\">Ac\u00e1 tambi\u00e9n hay peque\u00f1as y grandes luchas en las compa\u00f1\u00edas, contra despidos, contra cierres de plantas, contra la reducci\u00f3n de sueldos o contra medidas y leyes antisociales como la ley Hartz-IV, la cual hizo posible la baja de sueldos y el trabajo temporal.<\/p>\n<p style=\"text-align: justify\">Muchos miles de escolares hacen manifestaciones para una mejor formaci\u00f3n escolar o salen a las calles para marchar contra la inminente cat\u00e1strofe ecol\u00f3gica.<\/p>\n<p style=\"text-align: justify\">Va a llegar el momento en que, juntos, por encima de fronteras, vamos a cortar el mal de ra\u00edz y vamos a abolir este sistema de lucro!<\/p>\n<p style=\"text-align: justify\">Reciban nuestra solidaridad para con ustedes de todo coraz\u00f3n.<\/p>\n<p style=\"text-align: justify\">\u00a1Arriba la solidaridad internacional!\u00bb<\/p>\n","protected":false},"excerpt":{"rendered":"<p style=\"text-align: justify\">El Consejo Internacional de los Trabajadores del Sector del Autom\u00f3vil es un una uni\u00f3n internacional de todos los trabajadores del auto, de los trabajadores de las proveedoras, y de sus familias. Delegaciones de muchos pa\u00edses de todas partes del mundo se juntan para deliberar acerca de c\u00f3mo proceder ante la distancia entre los trabajadores de la industria y c\u00f3mo apoyarse unos a otros.<\/p>\n<p style=\"text-align: justify\">Nos alegra mucho en particular el poder haber creado lazos de amistad con compa\u00f1eros de la CGT, quienes mueven a compa\u00f1eros en toda Espa\u00f1a a participar de este consejo.<\/p>\n","protected":false},"author":72,"featured_media":0,"comment_status":"open","ping_status":"open","sticky":false,"template":"","format":"standard","meta":{"footnotes":"","_links_to":"","_links_to_target":""},"categories":[1],"tags":[],"class_list":["post-342","post","type-post","status-publish","format-standard","hentry","category-general"],"publishpress_future_action":{"enabled":false,"date":"2026-05-07 07:14:36","action":"change-status","newStatus":"draft","terms":[],"taxonomy":"category","extraData":[]},"publishpress_future_workflow_manual_trigger":{"enabledWorkflows":[]},"_links":{"self":[{"href":"https:\/\/www.cgt-lkn.org\/bizkaia-gestamp\/wp-json\/wp\/v2\/posts\/342","targetHints":{"allow":["GET"]}}],"collection":[{"href":"https:\/\/www.cgt-lkn.org\/bizkaia-gestamp\/wp-json\/wp\/v2\/posts"}],"about":[{"href":"https:\/\/www.cgt-lkn.org\/bizkaia-gestamp\/wp-json\/wp\/v2\/types\/post"}],"author":[{"embeddable":true,"href":"https:\/\/www.cgt-lkn.org\/bizkaia-gestamp\/wp-json\/wp\/v2\/users\/72"}],"replies":[{"embeddable":true,"href":"https:\/\/www.cgt-lkn.org\/bizkaia-gestamp\/wp-json\/wp\/v2\/comments?post=342"}],"version-history":[{"count":1,"href":"https:\/\/www.cgt-lkn.org\/bizkaia-gestamp\/wp-json\/wp\/v2\/posts\/342\/revisions"}],"predecessor-version":[{"id":2506,"href":"https:\/\/www.cgt-lkn.org\/bizkaia-gestamp\/wp-json\/wp\/v2\/posts\/342\/revisions\/2506"}],"wp:attachment":[{"href":"https:\/\/www.cgt-lkn.org\/bizkaia-gestamp\/wp-json\/wp\/v2\/media?parent=342"}],"wp:term":[{"taxonomy":"category","embeddable":true,"href":"https:\/\/www.cgt-lkn.org\/bizkaia-gestamp\/wp-json\/wp\/v2\/categories?post=342"},{"taxonomy":"post_tag","embeddable":true,"href":"https:\/\/www.cgt-lkn.org\/bizkaia-gestamp\/wp-json\/wp\/v2\/tags?post=342"}],"curies":[{"name":"wp","href":"https:\/\/api.w.org\/{rel}","templated":true}]}}