{"id":3360,"date":"2014-07-23T06:58:49","date_gmt":"2014-07-23T06:58:49","guid":{"rendered":"http:\/\/www.cgt-lkn.org\/bizkaia\/gestamp\/?p=3360"},"modified":"2014-07-23T06:58:49","modified_gmt":"2014-07-23T06:58:49","slug":"via-libre-al-abuso-patronal","status":"publish","type":"post","link":"https:\/\/www.cgt-lkn.org\/bizkaia-gestamp\/2014\/07\/23\/via-libre-al-abuso-patronal\/","title":{"rendered":"V\u00eda libre al abuso patronal"},"content":{"rendered":"<table id=\"layout\" border=\"0\" cellspacing=\"0\" cellpadding=\"0\">\n<tbody>\n<tr id=\"bodyrow\">\n<td id=\"middle\">\n<div id=\"post-1115\" class=\"post-1115 post type-post status-publish format-standard hentry category-sin-categoria odd\">\n<div class=\"post-bodycopy clearfix\">\n<div class=\"itemToolbar\">\n<div class=\"itemSocialSharing\">\n<div class=\"itemFacebookButton\">\n<div id=\"fb-root\" class=\" fb_reset\">El Consejo de Ministros aprueba la reforma de las mutuas, que forman parte de la CEOE. La medida posibilita que hagan propuestas para \u201cmotivar\u201d altas m\u00e9dicas, aunque la decisi\u00f3n \u00faltima la tomar\u00e1 siempre un m\u00e9dico. Total un nuevo avance de los sectores del capital sobre los derechos de trabajadoras y trabajadores.<\/div>\n<div class=\"itemFullText\">\n<div id=\"cuerpoNoticia\">\n<p>El Consejo de Ministros ha dado luz verde a una antigua reivindicaci\u00f3n de los empresarios: poder actuar en las bajas laborales desde el primer d\u00eda. El Gobierno ha aprobado el proyecto de ley que reforma las mutuas de accidentes de trabajo y enfermedades profesionales, que permitir\u00e1\u00a0<strong>ahorrar 500 millones<\/strong>\u00a0de euros, seg\u00fan la ministra de Empleo y Seguridad Social, F\u00e1tima B\u00e1\u00f1ez.<\/p>\n<p>La reforma tambi\u00e9n modifica el nombre de estos \u00f3rganos, que a partir de ahora se pasan a denominar \u201cmutuas colaboradoras de la Seguridad Social\u201d.<\/p>\n<p>El texto recoge la posibilidad de que las mutuas, que forman parte de la CEOE, act\u00faen desde el primer d\u00eda [hasta ahora no pod\u00edan hacerlos hasta el decimosexto] de la baja laboral, y cuando consideren que el beneficiario puede no estar impedido para el trabajo har\u00e1n<span style=\"font-weight: bold\">\u00a0propuestas motivadas de alta m\u00e9dica<\/span>\u00a0dirigidas a la inspecci\u00f3n m\u00e9dica de los Servicios P\u00fablicos de Salud (SPS). Aunque la decisi\u00f3n \u00faltima sobre el alta de un trabajador la tomar\u00e1 siempre un m\u00e9dico, aunque algunas voces alertan de que la medida podr\u00eda provocar\u00a0<strong>presiones en los profesionales de la sanidad<\/strong>.<\/p>\n<p>La inspecci\u00f3n m\u00e9dica de los SPS deber\u00e1 comunicar a la mutua y al Instituto Nacional de la Seguridad Social (INSS) en un plazo de 5 d\u00edas h\u00e1biles la emisi\u00f3n del alta de un trabajador o su denegaci\u00f3n.<\/p>\n<h3>Cambios en los plazos<\/h3>\n<p>Si el SPS desestima la propuesta de alta de la mutua o no contesta en forma y plazo, la mutua podr\u00e1 solicitar el alta al INSS, que deber\u00e1 contestar en 4 d\u00edas.<\/p>\n<p>Se establece un r\u00e9gimen transitorio en cuanto a los plazos de contestaci\u00f3n durante los seis meses posteriores a la entrada en vigor, a la espera de que la ley de mutuas termine su tramitaci\u00f3n parlamentaria y entre en vigor.<\/p>\n<p>En este periodo, en el caso de los SPS ser\u00e1 de 11 d\u00edas, y en el del INSS ser\u00e1n ocho.<\/p>\n<p>La ministra B\u00e1\u00f1ez ha destacado que la ley clarifica y sistematiza el r\u00e9gimen jur\u00eddico de las mutuas y ha a\u00f1adido que mejora las prestaciones del sistema en beneficio de los trabajadores y previene los riesgos laborales.<\/p>\n<h3>Suspender la baja<\/h3>\n<p>Adem\u00e1s, de acuerdo con lo aprobado en los presupuestos generales del Estado de 2014, se regula la posibilidad de suspender la prestaci\u00f3n cautelarmente cuando el trabajador no se presente a un reconocimiento m\u00e9dico.<\/p>\n<p>Si en el plazo de 4 d\u00edas el trabajador no ha justificado debidamente su ausencia se extinguir\u00e1 la situaci\u00f3n de incapacidad temporal.<\/p>\n<p>De esta forma, si la ausencia ha sido por causa justificada no se extingue autom\u00e1ticamente la prestaci\u00f3n como ocurr\u00eda antes de la modificaci\u00f3n.<\/p>\n<p>A partir de ahora, el parte de confirmaci\u00f3n ser\u00e1 de hasta cinco d\u00edas de baja, y se podr\u00e1 expedir el parte de baja y alta en la misma visita m\u00e9dica.<\/p>\n<h3>Orientaciones est\u00e1ndar para los m\u00e9dicos<\/h3>\n<p>De manera orientativa, los m\u00e9dicos dispondr\u00e1n de<span style=\"font-weight: bold\">\u00a0tablas de duraci\u00f3n est\u00e1ndar por patolog\u00edas<\/span>\u00a0que tienen en cuenta la enfermedad del trabajador, su edad y su actividad laboral.<\/p>\n<p>El texto incluye tambi\u00e9n la regulaci\u00f3n de la transmisi\u00f3n diaria por v\u00eda telem\u00e1tica de los partes de baja y alta desde los servicios p\u00fablicos de salud de las comunidades aut\u00f3nomas al INSS y de este organismo a las mutuas, cuando sean responsables de la protecci\u00f3n del trabajador.<\/p>\n<h3>Menos tr\u00e1mites<\/h3>\n<p><span class=\"ladillo\">B\u00e1\u00f1ez: \u201c80 % de las peticiones de baja se rechazaba por ser un sistema muy r\u00edgido\u201d<\/span><\/p>\n<p>Asimismo, la ley de mutuas simplifica los tr\u00e1mites para el acceso a la prestaci\u00f3n por cese en la actividad por la que cotizan los trabajadores aut\u00f3nomos.<\/p>\n<p>La ministra de Empleo ha destacado que el 80 % de las peticiones se rechazaba por ser un sistema muy r\u00edgido y ser dif\u00edcil de justificar las perdidas y ha mostrado su confianza en que ahora se acepten \u201ccasi todas\u201d.<\/p>\n<p>Por otra parte, junto con el texto de refomra de las mutuas, el Gobierno ha aprobado un\u00a0\u00a0<strong>real decreto sobre incapacidad temporal\u00a0<\/strong>(IT) por el cual los trabajadores ya no tendr\u00e1n que desplazarse a su centro de salud cada siete d\u00edas para recoger sus partes de baja, ya que se ajustar\u00e1 a la previsi\u00f3n del seguimiento cl\u00ednico.<\/p>\n<p>&nbsp;<\/p>\n<p>kaosenlared.net<\/p>\n<\/div>\n<\/div>\n<\/div>\n<\/div>\n<\/div>\n<\/div>\n<\/div>\n<\/td>\n<\/tr>\n<\/tbody>\n<\/table>\n<table border=\"0\">\n<tbody>\n<tr>\n<td valign=\"top\"><\/td>\n<td valign=\"top\"><a href=\"https:\/\/www.cgt-lkn.org\/wp-content\/uploads\/2014\/02\/guia-defensa-mutuas-WEB-y-CORREO.pdf\" target=\"_blank\">\u00a0<\/a><a title=\"Gu\u00eda mutuas\" href=\"https:\/\/www.cgt-lkn.org\/wp-content\/uploads\/2014\/02\/guia-defensa-mutuas-WEB-y-CORREO.pdf\" target=\"_blank\">Descargar la gu\u00eda\u00a0<\/a><\/td>\n<\/tr>\n<\/tbody>\n<\/table>\n<table border=\"0\">\n<tbody>\n<tr>\n<td valign=\"top\"><\/td>\n<td valign=\"top\"><a title=\"mutuas\" href=\"http:\/\/www.youtube.com\/watch?v=YwExlICDsPI\" target=\"_blank\">VER VIDEO<\/a><\/td>\n<\/tr>\n<\/tbody>\n<\/table>\n<p>&nbsp;<\/p>\n","protected":false},"excerpt":{"rendered":"<table id=\"layout\" style=\"color: #000000\" border=\"0\" width=\"531\" cellspacing=\"0\" cellpadding=\"0\">\n<tbody>\n<tr id=\"bodyrow\" class=\"alt over\">\n<td id=\"middle\">\n<div id=\"post-1115\" class=\"post-1115 post type-post status-publish format-standard hentry category-sin-categoria odd\">\n<div class=\"post-headline\">\n<h1><a title=\"guia mutuas\" href=\"https:\/\/www.cgt-lkn.org\/wp-content\/uploads\/2014\/02\/guia-defensa-mutuas-WEB-y-CORREO.pdf\" target=\"_blank\"><img loading=\"lazy\" decoding=\"async\" class=\"size-full wp-image-618 alignleft\" src=\"https:\/\/www.cgt-lkn.org\/wp-content\/uploads\/2014\/07\/guiadefensamutuas-193x200.png\" alt=\"guiadefensamutuas-193x200\" width=\"193\" height=\"200\" \/><\/a><span style=\"font-size: 10pt\">La medida posibilita que hagan propuestas para \u201cmotivar\u201d altas m\u00e9dicas, aunque la decisi\u00f3n \u00faltima la tomar\u00e1 siempre un m\u00e9dico.<\/span><\/h1>\n<h1><span style=\"font-size: 10pt\">Total un nuevo avance de los sectores del capital sobre los derechos de trabajadoras y trabajadores.<\/span><\/h1>\n<h1><span style=\"font-size: 10pt\">Las mutuas controlar\u00e1n bajas de trabajadores y trabajadoras desde el primer d\u00eda<\/span><\/h1>\n<p><span style=\"font-size: 10pt\">\u00a0<\/span><\/p>\n<\/div>\n<p>&nbsp;<\/p>\n<\/div>\n<\/td>\n<\/tr>\n<\/tbody>\n<\/table>\n<p style=\"color: #000000\"><a name=\"arriba\"><\/a><\/p>\n<table style=\"color: #000000\" border=\"0\">\n<tbody>\n<tr>\n<td valign=\"top\"><\/td>\n<td valign=\"top\"><a style=\"color: #d00202\" title=\"Gu\u00eda mutuas\" href=\"https:\/\/www.cgt-lkn.org\/wp-content\/uploads\/2014\/02\/guia-defensa-mutuas-WEB-y-CORREO.pdf\" target=\"_blank\">Descargar gu\u00eda defensa Mutuas<\/a><\/td>\n<\/tr>\n<\/tbody>\n<\/table>\n<table style=\"color: #000000\" border=\"0\">\n<tbody>\n<tr class=\"alt\">\n<td valign=\"top\"><\/td>\n<td valign=\"top\"><a style=\"color: #d00202\" title=\"mutuas\" href=\"http:\/\/www.youtube.com\/watch?v=YwExlICDsPI\" target=\"_blank\">VER VIDEO<\/a><\/td>\n<\/tr>\n<\/tbody>\n<\/table>\n","protected":false},"author":72,"featured_media":0,"comment_status":"open","ping_status":"open","sticky":false,"template":"","format":"standard","meta":{"footnotes":"","_links_to":"","_links_to_target":""},"categories":[40,42,25,27],"tags":[],"class_list":["post-3360","post","type-post","status-publish","format-standard","hentry","category-guias","category-mtuas","category-salud-laboral","category-sindical"],"publishpress_future_action":{"enabled":false,"date":"2026-05-04 11:02:44","action":"change-status","newStatus":"draft","terms":[],"taxonomy":"category","extraData":[]},"publishpress_future_workflow_manual_trigger":{"enabledWorkflows":[]},"_links":{"self":[{"href":"https:\/\/www.cgt-lkn.org\/bizkaia-gestamp\/wp-json\/wp\/v2\/posts\/3360","targetHints":{"allow":["GET"]}}],"collection":[{"href":"https:\/\/www.cgt-lkn.org\/bizkaia-gestamp\/wp-json\/wp\/v2\/posts"}],"about":[{"href":"https:\/\/www.cgt-lkn.org\/bizkaia-gestamp\/wp-json\/wp\/v2\/types\/post"}],"author":[{"embeddable":true,"href":"https:\/\/www.cgt-lkn.org\/bizkaia-gestamp\/wp-json\/wp\/v2\/users\/72"}],"replies":[{"embeddable":true,"href":"https:\/\/www.cgt-lkn.org\/bizkaia-gestamp\/wp-json\/wp\/v2\/comments?post=3360"}],"version-history":[{"count":1,"href":"https:\/\/www.cgt-lkn.org\/bizkaia-gestamp\/wp-json\/wp\/v2\/posts\/3360\/revisions"}],"predecessor-version":[{"id":3361,"href":"https:\/\/www.cgt-lkn.org\/bizkaia-gestamp\/wp-json\/wp\/v2\/posts\/3360\/revisions\/3361"}],"wp:attachment":[{"href":"https:\/\/www.cgt-lkn.org\/bizkaia-gestamp\/wp-json\/wp\/v2\/media?parent=3360"}],"wp:term":[{"taxonomy":"category","embeddable":true,"href":"https:\/\/www.cgt-lkn.org\/bizkaia-gestamp\/wp-json\/wp\/v2\/categories?post=3360"},{"taxonomy":"post_tag","embeddable":true,"href":"https:\/\/www.cgt-lkn.org\/bizkaia-gestamp\/wp-json\/wp\/v2\/tags?post=3360"}],"curies":[{"name":"wp","href":"https:\/\/api.w.org\/{rel}","templated":true}]}}