{"id":322,"date":"2009-06-06T21:32:08","date_gmt":"2009-06-06T21:32:08","guid":{"rendered":"http:\/\/www.cgt-lkn.org\/bizkaia\/estampa\/?p=322"},"modified":"2013-11-14T14:04:45","modified_gmt":"2013-11-14T14:04:45","slug":"cgt-critica-que-no-se-le-haya-convocado-a-la-comision-de-seguimiento-de-gm-cuando-tiene-igual-representacion-que-cc-oo","status":"publish","type":"post","link":"https:\/\/www.cgt-lkn.org\/bizkaia-gestamp\/2009\/06\/06\/cgt-critica-que-no-se-le-haya-convocado-a-la-comision-de-seguimiento-de-gm-cuando-tiene-igual-representacion-que-cc-oo\/","title":{"rendered":"CGT critica que no se le haya convocado a la Comisi\u00f3n de Seguimiento de GM cuando tiene igual representaci\u00f3n que CC.OO."},"content":{"rendered":"<p>La Confederaci\u00f3n General del Trabajo (CGT) expuso hoy por escrito su descontento porque no se les haya convocado a la primera reuni\u00f3n de la Comisi\u00f3n de Seguimiento de la planta de General Motors (GM) en Espa\u00f1a, ubicada en Figueruelas (Zaragoza), cuando ellos tienen \u00abla misma representaci\u00f3n\u00bb que Comisiones Obreras (CC.OO.).<br \/>En un escrito entregado en el registro general de la Delegaci\u00f3n del Gobierno en Arag\u00f3n, el secretario general de la Federaci\u00f3n Estatal de Sindicatos de la Industrial del Metal de la CGT, C\u00e9sar Yag\u00fces, se\u00f1al\u00f3 que la Confederaci\u00f3n se enter\u00f3 \u00abpor la prensa\u00bb de que se hab\u00eda celebrado esta reuni\u00f3n el pasado 4 de junio en Madrid, mientras que \u00ablos resultados de las elecciones sindicales dan a CGT una representatividad superior al quince por ciento\u00bb.<br \/>As\u00ed, apuntaron, la CGT tiene una representaci\u00f3n sindical en GM Espa\u00f1a equivalente a ocho delegados en el Comit\u00e9 de Empresa, \u00abexactamente igual a la que tiene CC.OO. y ligeramente inferior a la de UGT, con once delegados\u00bb, por lo que dijeron \u00abno entender\u00bb por qu\u00e9 no se les ha convocado.<br \/>Por ello, solicitaron que para que no exista \u00abdiscriminaci\u00f3n sindical\u00bb y en atenci\u00f3n \u00aba la importancia del contenido de dichas reuniones para los representados en el momento actual\u00bb, que se comunique e invite a la CGT \u00abcon la antelaci\u00f3n suficiente y en igualdad de condiciones\u00bb a todas las reuniones que se produzcan en el futuro.<br \/>ZARAGOZA, 5 Jun. (EUROPA PRESS)<\/p>\n","protected":false},"excerpt":{"rendered":"<p>La Confederaci\u00f3n General del Trabajo (CGT) expuso hoy por escrito su descontento porque no se les haya convocado a la<\/p>\n","protected":false},"author":72,"featured_media":0,"comment_status":"open","ping_status":"open","sticky":false,"template":"","format":"standard","meta":{"footnotes":"","_links_to":"","_links_to_target":""},"categories":[12,22],"tags":[],"class_list":["post-322","post","type-post","status-publish","format-standard","hentry","category-general-motors","category-en-la-prensa"],"publishpress_future_action":{"enabled":false,"date":"2026-05-02 08:10:40","action":"change-status","newStatus":"draft","terms":[],"taxonomy":"category","extraData":[]},"publishpress_future_workflow_manual_trigger":{"enabledWorkflows":[]},"_links":{"self":[{"href":"https:\/\/www.cgt-lkn.org\/bizkaia-gestamp\/wp-json\/wp\/v2\/posts\/322","targetHints":{"allow":["GET"]}}],"collection":[{"href":"https:\/\/www.cgt-lkn.org\/bizkaia-gestamp\/wp-json\/wp\/v2\/posts"}],"about":[{"href":"https:\/\/www.cgt-lkn.org\/bizkaia-gestamp\/wp-json\/wp\/v2\/types\/post"}],"author":[{"embeddable":true,"href":"https:\/\/www.cgt-lkn.org\/bizkaia-gestamp\/wp-json\/wp\/v2\/users\/72"}],"replies":[{"embeddable":true,"href":"https:\/\/www.cgt-lkn.org\/bizkaia-gestamp\/wp-json\/wp\/v2\/comments?post=322"}],"version-history":[{"count":1,"href":"https:\/\/www.cgt-lkn.org\/bizkaia-gestamp\/wp-json\/wp\/v2\/posts\/322\/revisions"}],"predecessor-version":[{"id":2493,"href":"https:\/\/www.cgt-lkn.org\/bizkaia-gestamp\/wp-json\/wp\/v2\/posts\/322\/revisions\/2493"}],"wp:attachment":[{"href":"https:\/\/www.cgt-lkn.org\/bizkaia-gestamp\/wp-json\/wp\/v2\/media?parent=322"}],"wp:term":[{"taxonomy":"category","embeddable":true,"href":"https:\/\/www.cgt-lkn.org\/bizkaia-gestamp\/wp-json\/wp\/v2\/categories?post=322"},{"taxonomy":"post_tag","embeddable":true,"href":"https:\/\/www.cgt-lkn.org\/bizkaia-gestamp\/wp-json\/wp\/v2\/tags?post=322"}],"curies":[{"name":"wp","href":"https:\/\/api.w.org\/{rel}","templated":true}]}}