{"id":3128,"date":"2014-03-19T20:14:35","date_gmt":"2014-03-19T20:14:35","guid":{"rendered":"http:\/\/www.cgt-lkn.org\/bizkaia\/gestamp\/?p=3128"},"modified":"2014-03-19T20:36:30","modified_gmt":"2014-03-19T20:36:30","slug":"marchas-e-la-dignidad-22m-autobus-gratuito-a-mardird","status":"publish","type":"post","link":"https:\/\/www.cgt-lkn.org\/bizkaia-gestamp\/2014\/03\/19\/marchas-e-la-dignidad-22m-autobus-gratuito-a-mardird\/","title":{"rendered":"MARCHAS E LA DIGNIDAD: 22M AUTOB\u00daS GRATUITO A MADRID"},"content":{"rendered":"<p><a href=\"https:\/\/www.cgt-lkn.org\/bizkaia\/?p=8310\"><img loading=\"lazy\" decoding=\"async\" alt=\"bus 22m\" src=\"https:\/\/www.cgt-lkn.org\/wp-content\/uploads\/2014\/03\/bus-22m-200x151.jpg\" width=\"200\" height=\"151\" \/><\/a><\/p>\n<p><b>Saldr\u00e1 un autob\u00fas de Bilbao a la marcha por la dignidad el s\u00e1bado 22.<\/b><\/p>\n<p><b><\/b><b><\/b><b>Salida a las 8 de la ma\u00f1ana de la parada de Bailen<\/b><\/p>\n<p><b><\/b><b>Salida de Madrid aproximada de 9 a 10 de la noche.<\/b><\/p>\n<p><b><\/b><b>Para apuntarse llamar\u00a0<b>de 10 a 13h.\u00a0<\/b>al sindicato de Bilbao 94 416 95 40.<\/b><\/p>\n<p><b>Salud y asistencia.<\/b><\/p>\n","protected":false},"excerpt":{"rendered":"<p><a href=\"https:\/\/www.cgt-lkn.org\/bizkaia\/?p=8310\"><img loading=\"lazy\" decoding=\"async\" class=\"alignleft\" alt=\"bus 22m\" src=\"https:\/\/www.cgt-lkn.org\/wp-content\/uploads\/2014\/03\/bus-22m-200x151.jpg\" width=\"200\" height=\"151\" \/> <\/a><\/p>\n<p><b>Saldr\u00e1 un autob\u00fas de Bilbao a la marcha por la dignidad el s\u00e1bado 22.<\/b><\/p>\n<p><b><\/b><b><\/b><b>Salida a las 8 de la ma\u00f1ana de la parada de Bailen<\/b><\/p>\n<p><b><\/b><b>Salida de Madrid aproximada de 9 a 10 de la noche.<\/b><\/p>\n<p><b><\/b><b>Para apuntarse llamar\u00a0<b>de 10 a 13h.\u00a0<\/b>al sindicato de Bilbao 94 416 95 40.<\/b><\/p>\n<p><b>Salud y asistencia.<\/b><\/p>\n","protected":false},"author":6,"featured_media":0,"comment_status":"closed","ping_status":"open","sticky":false,"template":"","format":"standard","meta":{"footnotes":"","_links_to":"","_links_to_target":""},"categories":[17,28],"tags":[],"class_list":["post-3128","post","type-post","status-publish","format-standard","hentry","category-movilizaciones","category-social"],"publishpress_future_action":{"enabled":false,"date":"2026-05-08 21:41:20","action":"change-status","newStatus":"draft","terms":[],"taxonomy":"category","extraData":[]},"publishpress_future_workflow_manual_trigger":{"enabledWorkflows":[]},"_links":{"self":[{"href":"https:\/\/www.cgt-lkn.org\/bizkaia-gestamp\/wp-json\/wp\/v2\/posts\/3128","targetHints":{"allow":["GET"]}}],"collection":[{"href":"https:\/\/www.cgt-lkn.org\/bizkaia-gestamp\/wp-json\/wp\/v2\/posts"}],"about":[{"href":"https:\/\/www.cgt-lkn.org\/bizkaia-gestamp\/wp-json\/wp\/v2\/types\/post"}],"author":[{"embeddable":true,"href":"https:\/\/www.cgt-lkn.org\/bizkaia-gestamp\/wp-json\/wp\/v2\/users\/6"}],"replies":[{"embeddable":true,"href":"https:\/\/www.cgt-lkn.org\/bizkaia-gestamp\/wp-json\/wp\/v2\/comments?post=3128"}],"version-history":[{"count":3,"href":"https:\/\/www.cgt-lkn.org\/bizkaia-gestamp\/wp-json\/wp\/v2\/posts\/3128\/revisions"}],"predecessor-version":[{"id":3134,"href":"https:\/\/www.cgt-lkn.org\/bizkaia-gestamp\/wp-json\/wp\/v2\/posts\/3128\/revisions\/3134"}],"wp:attachment":[{"href":"https:\/\/www.cgt-lkn.org\/bizkaia-gestamp\/wp-json\/wp\/v2\/media?parent=3128"}],"wp:term":[{"taxonomy":"category","embeddable":true,"href":"https:\/\/www.cgt-lkn.org\/bizkaia-gestamp\/wp-json\/wp\/v2\/categories?post=3128"},{"taxonomy":"post_tag","embeddable":true,"href":"https:\/\/www.cgt-lkn.org\/bizkaia-gestamp\/wp-json\/wp\/v2\/tags?post=3128"}],"curies":[{"name":"wp","href":"https:\/\/api.w.org\/{rel}","templated":true}]}}