{"id":3040,"date":"2014-02-23T15:34:12","date_gmt":"2014-02-23T15:34:12","guid":{"rendered":"http:\/\/www.cgt-lkn.org\/bizkaia\/gestamp\/?p=3040"},"modified":"2014-02-24T15:24:40","modified_gmt":"2014-02-24T15:24:40","slug":"mas-cara-que-espalda-seccion-sindical-de-cgt-lkn-volkswagen-nafarroa%e2%80%8f","status":"publish","type":"post","link":"https:\/\/www.cgt-lkn.org\/bizkaia-gestamp\/2014\/02\/23\/mas-cara-que-espalda-seccion-sindical-de-cgt-lkn-volkswagen-nafarroa%e2%80%8f\/","title":{"rendered":"\u00a1\u00a1\u00a1 M\u00c1S CARA QUE ESPALDA !!! (Seccion Sindical de CGT.LKN Volkswagen, Nafarroa)\u200f"},"content":{"rendered":"<div>Durante el pr\u00e1cticamente un a\u00f1o que dur\u00f3 el mal llamado proceso de negociaci\u00f3n del VIII Convenio Colectivo de VW-NA, la prensa local publicaba estos titulares y contenidos, y otros m\u00e1s en el mismo sentido, trasmitidos tanto desde la propia empresa como desde una representaci\u00f3n (?) mayoritaria de l@s trabajador@s, que con la excepci\u00f3n de\u00a0<b>CGT<\/b>\u00a0actu\u00f3 agrupada y al un\u00edsono en torno a la supuesta Plataforma Unificada que como se ha visto al final, no defendieron.<\/div>\n<div><\/div>\n<div>Se trataba de hacer creer a la plantilla y al conjunto de la sociedad navarra que en VW-NA se negociaba un Convenio de empresa con dureza e intensidad, desde las posiciones reivindicativas l\u00f3gicamente diferenciadas de las dos partes, aunque ambas eran sensibles al grave contexto social y laboral existente en Navarra (55.0000 parad@s), procurando en cualquier caso llegar a un acuerdo que atrajera altas producciones para los pr\u00f3ximos a\u00f1os, como forma de generar empleo, llegando incluso a contemplar en la persecuci\u00f3n de este objetivo la posibilidad de acordar medidas de reparto del trabajo como lo podr\u00edan ser distintas modalidades de reducci\u00f3n de la jornada.<\/div>\n<div><\/div>\n<div>Muy bonito. Precioso. Encomiable\u2026 El problema es que todo esto se dec\u00eda y se publicaba en las plataformas y hojas sindicales (?) difundidas en la f\u00e1brica, y en los art\u00edculos y noticias sobre la \u201cnegociaci\u00f3n\u201d a los que la prensa local dedicaba grandes espacios,<b>PERO EN LA MESA NEGOCIADORA DE ESTO NO HAB\u00cdA NADA DE NADA<\/b>,\u00a0<b>tal y como desde<\/b>\u00a0<b>CGT nos esforz\u00e1bamos en denunciar y explicar durante todo el tiempo que dur\u00f3 el proceso<\/b>,\u00a0<b>para tratar de que la plantilla se implicara e interviniera directamente en el mismo, como \u00fanica forma de evitar llegar hasta donde se acab\u00f3 llegando.<\/b><\/div>\n<div><\/div>\n<div>La plantilla no se implic\u00f3, ni quiso saber nada del asunto en su inmensa mayor\u00eda , y el proceso de \u201cnegociaci\u00f3n\u201d volvi\u00f3 a ser una<span style=\"text-decoration: underline\"><b>FARSA CONSENTIDA<\/b>\u00a0<b>por la mayor\u00eda de l@s trabajador@s\u00a0\u00a0que permanecieron todo el tiempo pasmad@s y desmovilizad@s<\/b><\/span>(ante estos hechos, aqu\u00ed nadie puede lavarse la cara en dos minutos con un refer\u00e9ndum\u2026).<\/div>\n<div><\/div>\n<div>Y l\u00f3gicamente, en el\u00a0<b>resultado NADA DE REPARTO DEL TRABAJO, NADA DE SEGUNDO MODELO, NI NADA DE NADA. Al contrario, MAS JORNADA ANUAL POR EL IPC PELADO (QUE ES PERDER PODER ADQUISITIVO), REBAJA BRUTAL EN LAS CONDICIONES DE LA NUEVA CONTRATACION, AUMENTO DE LA YA DESBOCADA FLEXIBILIDAD EXISTENTE, SOSTENIMIENTO DE LAS CONDICIONES DE TRABAJO QUE ESTAN DESTROZANDO LA SALUD FISICA Y MENTAL DE ESTA PLANTILLA, etc, etc\u2026<\/b><b>AH!!!<\/b>\u00a0<b>Y para colmo un redactado que la empresa ha modificado como le ha dado la gana (fuera de lo preacordado y sometido a refer\u00e9ndum\u2026), sin que nadie a excepci\u00f3n de CGT se haya dignado siquiera a comentar el asunto<\/b>.<\/div>\n<div><\/div>\n<div><b>Y luego\u2026, UN MONTON DE ASUNTOS ABIERTOS A DESARROLLAR EN \u201cMESAS NEGOCIADORAS\u201d<\/b>\u00a0en las que solo se cerrar\u00e1 lo que sea de inter\u00e9s de la empresa, que de esta manera conseguir\u00e1 m\u00e1s objetivos y nos arrebatar\u00e1 m\u00e1s derechos casi sin que se entere nadie. Todo maravilloso&#8230;<\/div>\n<div><\/div>\n<div><b>\u00bfSE ENTIENDE AHORA UN POQUITO MAS POR QUE CGT NO PARTICIPA EN ESTA FARSA UNITARIA DE SINDICATOS Y EMPRESA?<\/b><\/div>\n<div><\/div>\n<div><b>\u00bfSE ENTIENDE ALGO MEJOR PORQUE PEDIMOS LA INTERVENCION DIRECTA DE LA PLANTILLA Y CONVOCAMOS PAROS FACILITANDO MARCOS PARA EL DEBATE A LO LARGO DEL PROCESO?<\/b><\/div>\n<div><\/div>\n<div><b>SALUD<\/b><\/div>\n","protected":false},"excerpt":{"rendered":"<p>Durante el pr\u00e1cticamente un a\u00f1o que dur\u00f3 el mal llamado proceso de negociaci\u00f3n del VIII Convenio Colectivo de VW-NA, la<\/p>\n","protected":false},"author":72,"featured_media":0,"comment_status":"closed","ping_status":"open","sticky":false,"template":"","format":"standard","meta":{"footnotes":"","_links_to":"","_links_to_target":""},"categories":[29],"tags":[],"class_list":["post-3040","post","type-post","status-publish","format-standard","hentry","category-volkswagen"],"publishpress_future_action":{"enabled":false,"date":"2026-05-04 12:51:29","action":"change-status","newStatus":"draft","terms":[],"taxonomy":"category","extraData":[]},"publishpress_future_workflow_manual_trigger":{"enabledWorkflows":[]},"_links":{"self":[{"href":"https:\/\/www.cgt-lkn.org\/bizkaia-gestamp\/wp-json\/wp\/v2\/posts\/3040","targetHints":{"allow":["GET"]}}],"collection":[{"href":"https:\/\/www.cgt-lkn.org\/bizkaia-gestamp\/wp-json\/wp\/v2\/posts"}],"about":[{"href":"https:\/\/www.cgt-lkn.org\/bizkaia-gestamp\/wp-json\/wp\/v2\/types\/post"}],"author":[{"embeddable":true,"href":"https:\/\/www.cgt-lkn.org\/bizkaia-gestamp\/wp-json\/wp\/v2\/users\/72"}],"replies":[{"embeddable":true,"href":"https:\/\/www.cgt-lkn.org\/bizkaia-gestamp\/wp-json\/wp\/v2\/comments?post=3040"}],"version-history":[{"count":1,"href":"https:\/\/www.cgt-lkn.org\/bizkaia-gestamp\/wp-json\/wp\/v2\/posts\/3040\/revisions"}],"predecessor-version":[{"id":3041,"href":"https:\/\/www.cgt-lkn.org\/bizkaia-gestamp\/wp-json\/wp\/v2\/posts\/3040\/revisions\/3041"}],"wp:attachment":[{"href":"https:\/\/www.cgt-lkn.org\/bizkaia-gestamp\/wp-json\/wp\/v2\/media?parent=3040"}],"wp:term":[{"taxonomy":"category","embeddable":true,"href":"https:\/\/www.cgt-lkn.org\/bizkaia-gestamp\/wp-json\/wp\/v2\/categories?post=3040"},{"taxonomy":"post_tag","embeddable":true,"href":"https:\/\/www.cgt-lkn.org\/bizkaia-gestamp\/wp-json\/wp\/v2\/tags?post=3040"}],"curies":[{"name":"wp","href":"https:\/\/api.w.org\/{rel}","templated":true}]}}