{"id":293,"date":"2009-12-13T21:06:02","date_gmt":"2009-12-13T21:06:02","guid":{"rendered":"http:\/\/www.cgt-lkn.org\/bizkaia\/estampa\/?p=293"},"modified":"2013-11-14T14:04:45","modified_gmt":"2013-11-14T14:04:45","slug":"el-anterior-comite-de-empresa-de-ferrodisa-fracasa-en-el-intento-de-condenar-penalmente-a-un-sindicalista-de-cgt","status":"publish","type":"post","link":"https:\/\/www.cgt-lkn.org\/bizkaia-gestamp\/2009\/12\/13\/el-anterior-comite-de-empresa-de-ferrodisa-fracasa-en-el-intento-de-condenar-penalmente-a-un-sindicalista-de-cgt\/","title":{"rendered":"El anterior Comit\u00e9 de Empresa de Ferrodisa fracasa en el intento de condenar penalmente a un sindicalista de CGT"},"content":{"rendered":"<p style=\"text-align: justify\">Por aseverar en una entrevista que \u00ablos trabajadores de Ferrodisa, se dieron cuentan que durante muchos a\u00f1os el Comit\u00e9 estaba comprado\u00bb, el comit\u00e9 anterior interpuso una querella criminal por 8 delitos de injurias y 8 de calumnias contra el autor de la afirmaciones, Christian Rosell\u00f3, sindicalista de la CGT<br \/>Los miembros del anterior comit\u00e9 de empresa de Ferrodisa pretend\u00edan que el denunciado abonara por cada delito de calumnias 12 meses de multa con cuota diaria de 18 euros y por cada delito de injurias 6 meses de multa a raz\u00f3n de 18 euros diarios adem\u00e1s de una indemnizaci\u00f3n de 6.000 euros por cada uno de los 8 querellantes, informan fuentes de CGT.<br \/>Sin embargo, alegando derecho a las libertades de expresi\u00f3n y sindical y aclarando que estamos en una \u00absociedad democr\u00e1tica\u00bb el Juzgado de lo Penal n\u00ba 6 de Valencia ha rechazado las pretensiones de los denunciantes y el sindicalista de CGT ha sido declarado absuelto. \u00abLa sentencia, que no ha sido recurrida y por tanto es ya firme, desmonta toda la argumentaci\u00f3n penal y concluye que en ning\u00fan caso tal frase podr\u00eda constituir la pluralidad de infracciones penales objeto de acusaci\u00f3n\u00bb, afirman desde el sindicato<br \/>Los hechos se remontan a febrero de 2007, cuando Christian Rosell\u00f3, nuevo presidente del comit\u00e9 de empresa tras ganar las elecciones la CGT en una empresa con tradicional mayor\u00eda de CCOO, concedi\u00f3 una entrevista al diario comarcal \u00abEl Econ\u00f3mico\u00bb en la que explicaba, entre otras cosas, que los trabajadores hablaron en las urnas, con su respaldo mayoritario a la candidatura presentada por \u00e9l. Christian realiz\u00f3 esa cr\u00edtica a la actuaci\u00f3n del anterior Comit\u00e9 al que \u00abacusaba de pasividad ante la empresa\u00bb, cr\u00edtica, dice la sentencia que \u00abenmarcaba dentro de su actividad sindical\u00bb.<br \/>El tribunal estima que la frase pronunciada por el acusado resultaba \u00abclaramente ofensiva para los querellantes en su condici\u00f3n de miembros del Comit\u00e9 de empresa\u00bb pero que \u00ablas circunstancias en que fue pronunciada impiden que se le pueda atribuir la relevancia penal pretendida por la acusaci\u00f3n particular\u00bb. La fundamentaci\u00f3n judicial de este \u00faltimo extremo estriba en el \u00abderecho de los sindicatos a ejercer aquellas actividades dirigidas a la defensa, protecci\u00f3n y promoci\u00f3n de los intereses de los trabajadores (\u2026) a desplegar los medios de acci\u00f3n necesarios para que puedan cumplir las funciones que constitucionalmente les corresponden\u00bb, afirman desde CGT.<br \/>A juicio de los miembros del sindicato, el juez es \u00abcontundente\u00bb para defender en la resoluci\u00f3n \u00abla utilizaci\u00f3n como instrumento de acci\u00f3n sindical de los derechos a la libertad de expresi\u00f3n y a la libertad de informaci\u00f3n\u00bb ya que \u00abla libertad de expresi\u00f3n (\u2026) tambi\u00e9n comprende la cr\u00edtica de la conducta de otro, aun cuando sea desabrida y pueda molestar, inquietar o disgustar a aquel contra quien se dirige, pues as\u00ed lo requieren el pluralismo, la tolerancia y el esp\u00edritu de apertura, sin los cuales no existe una sociedad democr\u00e1tica\u00bb.<br \/>Finalmente, la sentencia supone un aut\u00e9ntico \u00abvarapalo a la concepci\u00f3n del sindicalismo defendido por los querellantes, ya que desecha su alegaci\u00f3n de que la frase no era una cr\u00edtica sindical porque las elecciones sindicales ya se hab\u00edan celebrado y les contesta que la actividad sindical no se desarrolla exclusivamente durante un per\u00edodo electoral, sino que se prolonga a lo largo del d\u00eda a d\u00eda en cada empresa y en cada secci\u00f3n sindical\u00bb.<br \/>La Confederaci\u00f3 General del Treball se felicita del fallo judicial y \u00abtransmite a los trabajadores su compromiso inquebrantable de lucha por la defensa de los derechos de los trabajadores y por conseguir una sociedad realmente justa\u00bb, concluyen.<br \/> www.eleconomico.es<\/p>\n","protected":false},"excerpt":{"rendered":"<div style=\"text-align: justify\">Por aseverar en una entrevista que \u00ablos trabajadores de Ferrodisa, se dieron cuentan que durante muchos a\u00f1os el Comit\u00e9 estaba comprado\u00bb, el comit\u00e9 anterior interpuso una querella criminal por 8 delitos de injurias y 8 de calumnias contra el autor de la afirmaciones, Christian Rosell\u00f3, sindicalista de la CGT.<\/div>\n","protected":false},"author":72,"featured_media":0,"comment_status":"open","ping_status":"open","sticky":false,"template":"","format":"standard","meta":{"footnotes":"","_links_to":"","_links_to_target":""},"categories":[22],"tags":[],"class_list":["post-293","post","type-post","status-publish","format-standard","hentry","category-en-la-prensa"],"publishpress_future_action":{"enabled":false,"date":"2026-05-07 06:55:17","action":"change-status","newStatus":"draft","terms":[],"taxonomy":"category","extraData":[]},"publishpress_future_workflow_manual_trigger":{"enabledWorkflows":[]},"_links":{"self":[{"href":"https:\/\/www.cgt-lkn.org\/bizkaia-gestamp\/wp-json\/wp\/v2\/posts\/293","targetHints":{"allow":["GET"]}}],"collection":[{"href":"https:\/\/www.cgt-lkn.org\/bizkaia-gestamp\/wp-json\/wp\/v2\/posts"}],"about":[{"href":"https:\/\/www.cgt-lkn.org\/bizkaia-gestamp\/wp-json\/wp\/v2\/types\/post"}],"author":[{"embeddable":true,"href":"https:\/\/www.cgt-lkn.org\/bizkaia-gestamp\/wp-json\/wp\/v2\/users\/72"}],"replies":[{"embeddable":true,"href":"https:\/\/www.cgt-lkn.org\/bizkaia-gestamp\/wp-json\/wp\/v2\/comments?post=293"}],"version-history":[{"count":1,"href":"https:\/\/www.cgt-lkn.org\/bizkaia-gestamp\/wp-json\/wp\/v2\/posts\/293\/revisions"}],"predecessor-version":[{"id":2479,"href":"https:\/\/www.cgt-lkn.org\/bizkaia-gestamp\/wp-json\/wp\/v2\/posts\/293\/revisions\/2479"}],"wp:attachment":[{"href":"https:\/\/www.cgt-lkn.org\/bizkaia-gestamp\/wp-json\/wp\/v2\/media?parent=293"}],"wp:term":[{"taxonomy":"category","embeddable":true,"href":"https:\/\/www.cgt-lkn.org\/bizkaia-gestamp\/wp-json\/wp\/v2\/categories?post=293"},{"taxonomy":"post_tag","embeddable":true,"href":"https:\/\/www.cgt-lkn.org\/bizkaia-gestamp\/wp-json\/wp\/v2\/tags?post=293"}],"curies":[{"name":"wp","href":"https:\/\/api.w.org\/{rel}","templated":true}]}}