{"id":2637,"date":"2013-10-30T10:13:34","date_gmt":"2013-10-30T10:13:34","guid":{"rendered":"http:\/\/www.cgt-lkn.org\/bizkaia\/gestamp\/?p=2637"},"modified":"2013-11-14T07:24:32","modified_gmt":"2013-11-14T07:24:32","slug":"el-futuro-para-quien-comunicado-de-cgt-en-ford","status":"publish","type":"post","link":"https:\/\/www.cgt-lkn.org\/bizkaia-gestamp\/2013\/10\/30\/el-futuro-para-quien-comunicado-de-cgt-en-ford\/","title":{"rendered":"\u00bfEL FUTURO PARA QUIEN? (Comunicado de CGT en Ford)"},"content":{"rendered":"<h2><strong>La mayor\u00eda del Comit\u00e9 de Empresa, UGT y CCOO, \u00bfno le han aceptado a Ford ya bastantes recortes con el Acuerdo de Competitividad que le han firmado?<\/strong><\/h2>\n<p>&nbsp;<\/p>\n<p>Estos son los puntos del acuerdo:<br \/>\n\u2022 Congelaci\u00f3n de salarios<br \/>\n\u2022 Congelaci\u00f3n e eliminaci\u00f3n de a\u00f1os de antig\u00fcedad<br \/>\n\u2022 Contrataci\u00f3n barata (Los \u00faltimos compa\u00f1eros contratados no podr\u00e1n acceder al grado 5 hasta los seis a\u00f1os trabajados, y todo esto habiendo superado el perfil)<br \/>\n\u2022 Los primeros d\u00edas de jornada industrial, coste cero; y los dem\u00e1s al 50, 70 y 100 por cien.<br \/>\n\u2022 Cierre de comedores (A consecuencia del cual se despide a 58 trabajadores)<br \/>\n\u2022 Desregularizaci\u00f3n de la jornada laboral<br \/>\n\u2022 Eliminaci\u00f3n de pr\u00e9stamo de vivienda<br \/>\n\u2022 Condicionar las ayudas a familiares con minusval\u00edas<\/p>\n<p>Y otros recortes que ya sufrimos dentro de la f\u00e1brica: eliminaci\u00f3n de rutas de autobuses , saturaci\u00f3n y presi\u00f3n en los puestos de trabajo y el plan de jubilaci\u00f3n parea los nuevos empleados etc.<\/p>\n<p>Todos estos recortes econ\u00f3micos y sociales, suponen un GRAN BENEFICIO a Ford, y como parece ser que la sed de ganancias a nuestra costa no se ha saciado, encima pretenden tener VACACIONES A LA CARTA. Se ha planteado un calendario en base, \u00fanica y exclusivamente a las necesidades de la empresa, sin importarles para nada nuestra vida social y familiar. Una vez m\u00e1s, se da por buena la reforma laboral y se utilizan nuestras vacaciones como una bolsa de horas a disposici\u00f3n de la empresa.<\/p>\n<p>LOS MALES DE LA PLANTILLA DE FORD PROVIENEN DEL HECHO DE QUE QUIENES TIENEN EL PODER DE NEGOCIAR NO SUFREN LAS CONSECUENCIAS DE LO QUE FIRMAN<\/p>\n<p>Este escenario, tiene un aspecto totalmente negativo, el retroceso para la plantilla es evidente. Pero tambi\u00e9n tiene una parte positiva para CGT, y es que, la mayor\u00eda del Comit\u00e9 de Empresa, UGT y CCOO se han puesto claramente del lado de la empresa, con lo que a la plantilla solo le queda un referente de defensa a la agresi\u00f3n de recortes que la empresa nos impone.<\/p>\n<p>Conseguir que el m\u00e1ximo de plantilla venga a nuestras posiciones y se organicen con CGT, es nuestro reto.<br \/>\n\u00a1\u00a1\u00a1Trabaja con nosotros!!! Te esperamos<\/p>\n<p>El acuerdo firmado por UGT y CCOO puedes verlo en el <a title=\"acuerdo ford\" href=\"http:\/\/www.boe.es\/boe\/dias\/2013\/06\/13\/pdfs\/BOE-A-2013-6368.pdf\" target=\"_blank\">BOE<\/a>: Acuerdo de competitividad y empleo de Ford Espa\u00f1a.<\/p>\n","protected":false},"excerpt":{"rendered":"<p>La mayor\u00eda del Comit\u00e9 de Empresa, UGT y CCOO, \u00bfno le han aceptado a Ford ya bastantes recortes con el<\/p>\n","protected":false},"author":72,"featured_media":0,"comment_status":"open","ping_status":"open","sticky":false,"template":"","format":"standard","meta":{"footnotes":"","_links_to":"","_links_to_target":""},"categories":[5,10],"tags":[],"class_list":["post-2637","post","type-post","status-publish","format-standard","hentry","category-automocion","category-ford"],"publishpress_future_action":{"enabled":false,"date":"2026-05-07 00:30:32","action":"change-status","newStatus":"draft","terms":[],"taxonomy":"category","extraData":[]},"publishpress_future_workflow_manual_trigger":{"enabledWorkflows":[]},"_links":{"self":[{"href":"https:\/\/www.cgt-lkn.org\/bizkaia-gestamp\/wp-json\/wp\/v2\/posts\/2637","targetHints":{"allow":["GET"]}}],"collection":[{"href":"https:\/\/www.cgt-lkn.org\/bizkaia-gestamp\/wp-json\/wp\/v2\/posts"}],"about":[{"href":"https:\/\/www.cgt-lkn.org\/bizkaia-gestamp\/wp-json\/wp\/v2\/types\/post"}],"author":[{"embeddable":true,"href":"https:\/\/www.cgt-lkn.org\/bizkaia-gestamp\/wp-json\/wp\/v2\/users\/72"}],"replies":[{"embeddable":true,"href":"https:\/\/www.cgt-lkn.org\/bizkaia-gestamp\/wp-json\/wp\/v2\/comments?post=2637"}],"version-history":[{"count":1,"href":"https:\/\/www.cgt-lkn.org\/bizkaia-gestamp\/wp-json\/wp\/v2\/posts\/2637\/revisions"}],"predecessor-version":[{"id":2638,"href":"https:\/\/www.cgt-lkn.org\/bizkaia-gestamp\/wp-json\/wp\/v2\/posts\/2637\/revisions\/2638"}],"wp:attachment":[{"href":"https:\/\/www.cgt-lkn.org\/bizkaia-gestamp\/wp-json\/wp\/v2\/media?parent=2637"}],"wp:term":[{"taxonomy":"category","embeddable":true,"href":"https:\/\/www.cgt-lkn.org\/bizkaia-gestamp\/wp-json\/wp\/v2\/categories?post=2637"},{"taxonomy":"post_tag","embeddable":true,"href":"https:\/\/www.cgt-lkn.org\/bizkaia-gestamp\/wp-json\/wp\/v2\/tags?post=2637"}],"curies":[{"name":"wp","href":"https:\/\/api.w.org\/{rel}","templated":true}]}}