{"id":248,"date":"2010-07-06T20:24:17","date_gmt":"2010-07-06T20:24:17","guid":{"rendered":"http:\/\/www.cgt-lkn.org\/bizkaia\/estampa\/?p=248"},"modified":"2013-11-14T14:04:45","modified_gmt":"2013-11-14T14:04:45","slug":"trabajadores-de-ford-espana-pararan-24-horas-el-12-de-julio","status":"publish","type":"post","link":"https:\/\/www.cgt-lkn.org\/bizkaia-gestamp\/2010\/07\/06\/trabajadores-de-ford-espana-pararan-24-horas-el-12-de-julio\/","title":{"rendered":"Trabajadores de Ford Espa\u00f1a parar\u00e1n 24 horas el 12 de julio"},"content":{"rendered":"<p style=\"text-align: justify\"><strong>La Confederaci\u00f3 General del Treball ha convocado una huelga de 24 horas durante la jornada del 12 de julio. El paro comenzar\u00e1 a las 6h del lunes y finalizar\u00e1 a las 6h del martes 13 de julio, coincidiendo con los turnos de trabajo en la factor\u00eda. El mismo martes 13 a las 12h habr\u00e1 una concentraci\u00f3n en Madrid, frente a la sede de Ford Espa\u00f1a, a la acudir\u00e1n delegados y afiliados de CGT de todo el estado.<\/strong><\/p>\n<p style=\"text-align: justify\">A primera hora de la ma\u00f1ana de hoy se ha celebrado el Tribunal de Arbitraje Laboral, mediaci\u00f3n previa a la convocatoria de huelga, sin que haya sido posible acuerdo ninguno entre las partes: \u00abNi Ford ha aceptado readmitir a Paqui, ni nosotros hemos renunciado a luchar por su readmisi\u00f3n\u00bb, aclara Manolo Mart\u00ednez, Secretario General de CGT-Val\u00e8ncia.<\/p>\n<p style=\"text-align: justify\">De esta forma, los trabajadores de la multinacional Ford en la f\u00e1brica de Almussafes est\u00e1n llamados a secundar el <strong>paro para protestar por el despido<\/strong> de la Secretaria General de CGT en Ford, un despido producto de la creciente represi\u00f3n sindical que la direcci\u00f3n de Ford-Espa\u00f1a est\u00e1 acometiendo contra el sindicalismo combativo que CGT representa.<\/p>\n<p style=\"text-align: justify\">Una vez acabado el paro reivindicativo, sindicalistas de CGT de todo el estado <strong>se concentrar\u00e1n a las 12h del martes 13 de julio ante la sede de Ford Espa\u00f1a SL en Madrid<\/strong>, situada en el Edificio Miniparc IV, C\/ Cal\u00e9ndula n\u00ba13 Soto de la Moraleja, en Alcobendas.<\/p>\n<p style=\"text-align: justify\">Estas acciones forman parte del plan de actuaci\u00f3n in crescendo que la Confederaci\u00f3n est\u00e1 llevando a cabo para lograr la readmisi\u00f3n de la delegada sindical y miembro del Comit\u00e9 de Empresa de Ford Espa\u00f1a. Recordamos que la semana pasada, a ra\u00edz de la concentraci\u00f3n ante la Direcci\u00f3n General de Trabajo de la Comunidad Valenciana, su m\u00e1ximo responsable, Rom\u00e1n Ceballos, se comprometi\u00f3 con CGT a investigar los despidos y sanciones selectivos en Ford (CGT tiene una representatividad del 15% en el Comit\u00e9 y sus delegados acumulan el 100% de las sanciones).<\/p>\n<p style=\"text-align: justify\"><strong>El sindicato llama a la participaci\u00f3n en la huelga de 24 horas y en la concentraci\u00f3n en Madrid<\/strong> y anima a <strong>romper la barrera del miedo<\/strong> que la direcci\u00f3n de Ford, con su pol\u00edtica laboral represiva y de recorte de derechos, pretende imponer para evitarse as\u00ed cualquier contestaci\u00f3n organizada por parte de la plantilla.<\/p>\n<p style=\"text-align: justify\">Gabinet de Premsa CGT-PV\u00a0\u00a0\u00a0\u00a0\u00a0\u00a0\u00a0\u00a0\u00a0\u00a0\u00a0\u00a0\u00a0\u00a0\u00a0\u00a0\u00a0\u00a0\u00a0\u00a0\u00a0\u00a0\u00a0\u00a0\u00a0\u00a0\u00a0\u00a0\u00a0\u00a0\u00a0\u00a0\u00a0\u00a0\u00a0\u00a0\u00a0\u00a0\u00a0\u00a0\u00a0\u00a0\u00a0\u00a0\u00a0\u00a0\u00a0\u00a0\u00a0\u00a0\u00a0\u00a0\u00a0\u00a0\u00a0\u00a0\u00a0\u00a0\u00a0\u00a0\u00a0\u00a0\u00a0\u00a0\u00a0\u00a0\u00a0\u00a0\u00a0\u00a0\u00a0\u00a0\u00a0\u00a0\u00a0\u00a0\u00a0\u00a0\u00a0\u00a0\u00a0\u00a0\u00a0 Valencia, 6 julio 2010<\/p>\n","protected":false},"excerpt":{"rendered":"<p>La Confederaci\u00f3 General del Treball ha convocado una huelga de 24 horas durante la jornada del 12 de julio. El paro comenzar\u00e1 a las 6h del lunes y finalizar\u00e1 a las 6h del martes 13 de julio, coincidiendo con los turnos de trabajo en la factor\u00eda. El mismo martes 13 a las 12h habr\u00e1 una concentraci\u00f3n en Madrid, frente a la sede de Ford Espa\u00f1a, a la acudir\u00e1n delegados y afiliados de CGT de todo el estado.<\/p>\n","protected":false},"author":72,"featured_media":0,"comment_status":"open","ping_status":"open","sticky":false,"template":"","format":"standard","meta":{"footnotes":"","_links_to":"","_links_to_target":""},"categories":[10,17],"tags":[],"class_list":["post-248","post","type-post","status-publish","format-standard","hentry","category-ford","category-movilizaciones"],"publishpress_future_action":{"enabled":false,"date":"2026-05-08 12:13:14","action":"change-status","newStatus":"draft","terms":[],"taxonomy":"category","extraData":[]},"publishpress_future_workflow_manual_trigger":{"enabledWorkflows":[]},"_links":{"self":[{"href":"https:\/\/www.cgt-lkn.org\/bizkaia-gestamp\/wp-json\/wp\/v2\/posts\/248","targetHints":{"allow":["GET"]}}],"collection":[{"href":"https:\/\/www.cgt-lkn.org\/bizkaia-gestamp\/wp-json\/wp\/v2\/posts"}],"about":[{"href":"https:\/\/www.cgt-lkn.org\/bizkaia-gestamp\/wp-json\/wp\/v2\/types\/post"}],"author":[{"embeddable":true,"href":"https:\/\/www.cgt-lkn.org\/bizkaia-gestamp\/wp-json\/wp\/v2\/users\/72"}],"replies":[{"embeddable":true,"href":"https:\/\/www.cgt-lkn.org\/bizkaia-gestamp\/wp-json\/wp\/v2\/comments?post=248"}],"version-history":[{"count":1,"href":"https:\/\/www.cgt-lkn.org\/bizkaia-gestamp\/wp-json\/wp\/v2\/posts\/248\/revisions"}],"predecessor-version":[{"id":2456,"href":"https:\/\/www.cgt-lkn.org\/bizkaia-gestamp\/wp-json\/wp\/v2\/posts\/248\/revisions\/2456"}],"wp:attachment":[{"href":"https:\/\/www.cgt-lkn.org\/bizkaia-gestamp\/wp-json\/wp\/v2\/media?parent=248"}],"wp:term":[{"taxonomy":"category","embeddable":true,"href":"https:\/\/www.cgt-lkn.org\/bizkaia-gestamp\/wp-json\/wp\/v2\/categories?post=248"},{"taxonomy":"post_tag","embeddable":true,"href":"https:\/\/www.cgt-lkn.org\/bizkaia-gestamp\/wp-json\/wp\/v2\/tags?post=248"}],"curies":[{"name":"wp","href":"https:\/\/api.w.org\/{rel}","templated":true}]}}