{"id":171,"date":"2008-05-09T10:17:16","date_gmt":"2008-05-09T10:17:16","guid":{"rendered":"http:\/\/www.cgt-lkn.org\/bizkaia\/estampa\/?p=171"},"modified":"2013-11-14T14:05:53","modified_gmt":"2013-11-14T14:05:53","slug":"la-terracita","status":"publish","type":"post","link":"https:\/\/www.cgt-lkn.org\/bizkaia-gestamp\/2008\/05\/09\/la-terracita\/","title":{"rendered":"LA TERRACITA"},"content":{"rendered":"<p>Hoy me fui a tomar un caf\u00e9 al \u00e1rea de descanso bueno m\u00e1s bien en la terracita, la verdad que estaba bastante concurrida, as\u00ed que me sent\u00e9 en la \u00fanica silla que hab\u00eda libre. Seg\u00fan remov\u00eda el caf\u00e9 empec\u00e9 a escuchar la conversaci\u00f3n que se estaba formando, por cierto, bastante tensa y crispada, solo hab\u00eda un tema \u201c\u00fanico y un\u00e1nime\u201d, EL CONVENIO, \u00a1\u00a1\u00a1\u00a1co\u00f1o!!!! me dije, parece que la gente se va dando cuenta que estamos en mayo y del CONVENIO no sabemos nada. Seg\u00fan empiezo a mirar a la gente all\u00ed sentada me voy dando cuenta que los que est\u00e1bamos sentados, pertenec\u00edamos curiosamente a la afiliaci\u00f3n de diferentes sindicatos representados por el comit\u00e9, lo que me lleva a la conclusi\u00f3n de la falta de informaci\u00f3n por parte de este sobre las negociaciones con la empresa.<\/p>\n<p>La conversaci\u00f3n se iba animando y la gente cada vez mas encrespada, de repente me empezaron a surgir preguntas en mi cabeza, \u00bfque es un comit\u00e9?, \u00bfno es un puente de enlace entre la empresa y los obreros?,\u00bf sus representantes no son elegidos por los obreros? y si es as\u00ed, \u00bfpor qu\u00e9 a estas alturas nuestros representantes no nos han informado de nada? .Bueno la conversaci\u00f3n segu\u00eda calentita, ayssssssss diossssssssss lo que hace la ignorancia, alguno piensa que cuanto m\u00e1s chilla m\u00e1s raz\u00f3n tiene, que cuanto mayor n\u00famero de representantes tiene su sindicato en el comit\u00e9 mejor le va a defender, que equivocados estamos y que poco sabemos de lo que se debe hablar en las reuniones y de los secretitos que debe de haber, alg\u00fan mes de este a\u00f1o espero que nos digan lo que se ha conseguido en el convenio, pero lo que nunca sabremos, es quien se ha bajado los pantalones y quien ha tragado con lo que dice la empresa, lo que me llena de p\u00e1nico, porque pienso\u2026.ostias igual los que tragan o los que se bajan los pantalones son los que yo he votado, los que supuestamente me representan, pero, \u00bfcomo me van a representar? si ni siquiera me han preguntado.<\/p>\n<p>Me invade la rabia, un convenio no se hace entre la empresa y el comit\u00e9 se hace entre la empresa y todos los obreros, el comit\u00e9 es un mero trasmisor de las opiniones de ambas partes y creo que tenemos el derecho de saber c\u00f3mo esta cada punto de la negociaci\u00f3n, en qu\u00e9 puntos estamos perdiendo, que sindicato da la cara y quien traga. Porque quiz\u00e1s si supi\u00e9ramos esto, nos pensar\u00edamos a qui\u00e9n votar en las pr\u00f3ximas elecciones sindicales y no ser la masa borreguil que agacha la cabeza y se deja llevar por un pastor\u2026 \u00a1ostias si ya llevo 13 minutos en la terracita!, ahora bronca del jefe de equipo y encima el caf\u00e9 me ha amargado la ma\u00f1ana\u2026.<\/p>\n","protected":false},"excerpt":{"rendered":"<p style=\"text-align: justify\">Hoy me fui a tomar un caf\u00e9 al \u00e1rea de descanso bueno m\u00e1s bien en la terracita, la verdad que estaba bastante concurrida, as\u00ed que me sent\u00e9 en la \u00fanica silla que hab\u00eda libre. Seg\u00fan remov\u00eda el caf\u00e9 empec\u00e9 a escuchar la conversaci\u00f3n que se estaba formando, por cierto, bastante tensa y crispada, solo hab\u00eda un tema \u201c\u00fanico y un\u00e1nime\u201d, EL CONVENIO, \u00a1\u00a1\u00a1\u00a1co\u00f1o!!!! me dije, parece que la gente se va dando cuenta que estamos en mayo y del CONVENIO no sabemos nada. Seg\u00fan empiezo a mirar a la gente all\u00ed sentada me voy dando cuenta que los que est\u00e1bamos sentados, pertenec\u00edamos curiosamente a la afiliaci\u00f3n de diferentes sindicatos representados por el comit\u00e9, lo que me lleva a la conclusi\u00f3n de la falta de informaci\u00f3n por parte de este sobre las negociaciones con la empresa.<\/p>\n","protected":false},"author":72,"featured_media":0,"comment_status":"open","ping_status":"open","sticky":false,"template":"","format":"standard","meta":{"footnotes":"","_links_to":"","_links_to_target":""},"categories":[36,14],"tags":[],"class_list":["post-171","post","type-post","status-publish","format-standard","hentry","category-httptejodeneneltrabajo-blogspot-com","category-humor"],"publishpress_future_action":{"enabled":false,"date":"2026-05-02 09:38:37","action":"change-status","newStatus":"draft","terms":[],"taxonomy":"category","extraData":[]},"publishpress_future_workflow_manual_trigger":{"enabledWorkflows":[]},"_links":{"self":[{"href":"https:\/\/www.cgt-lkn.org\/bizkaia-gestamp\/wp-json\/wp\/v2\/posts\/171","targetHints":{"allow":["GET"]}}],"collection":[{"href":"https:\/\/www.cgt-lkn.org\/bizkaia-gestamp\/wp-json\/wp\/v2\/posts"}],"about":[{"href":"https:\/\/www.cgt-lkn.org\/bizkaia-gestamp\/wp-json\/wp\/v2\/types\/post"}],"author":[{"embeddable":true,"href":"https:\/\/www.cgt-lkn.org\/bizkaia-gestamp\/wp-json\/wp\/v2\/users\/72"}],"replies":[{"embeddable":true,"href":"https:\/\/www.cgt-lkn.org\/bizkaia-gestamp\/wp-json\/wp\/v2\/comments?post=171"}],"version-history":[{"count":1,"href":"https:\/\/www.cgt-lkn.org\/bizkaia-gestamp\/wp-json\/wp\/v2\/posts\/171\/revisions"}],"predecessor-version":[{"id":2553,"href":"https:\/\/www.cgt-lkn.org\/bizkaia-gestamp\/wp-json\/wp\/v2\/posts\/171\/revisions\/2553"}],"wp:attachment":[{"href":"https:\/\/www.cgt-lkn.org\/bizkaia-gestamp\/wp-json\/wp\/v2\/media?parent=171"}],"wp:term":[{"taxonomy":"category","embeddable":true,"href":"https:\/\/www.cgt-lkn.org\/bizkaia-gestamp\/wp-json\/wp\/v2\/categories?post=171"},{"taxonomy":"post_tag","embeddable":true,"href":"https:\/\/www.cgt-lkn.org\/bizkaia-gestamp\/wp-json\/wp\/v2\/tags?post=171"}],"curies":[{"name":"wp","href":"https:\/\/api.w.org\/{rel}","templated":true}]}}