{"id":15,"date":"2011-11-29T15:02:42","date_gmt":"2011-11-29T15:02:42","guid":{"rendered":"http:\/\/www.cgt-lkn.org\/bizkaia\/estampa\/?p=15"},"modified":"2013-11-14T14:04:44","modified_gmt":"2013-11-14T14:04:44","slug":"comunicado-reunion-en-solitario-con-la-empresa","status":"publish","type":"post","link":"https:\/\/www.cgt-lkn.org\/bizkaia-gestamp\/2011\/11\/29\/comunicado-reunion-en-solitario-con-la-empresa\/","title":{"rendered":"Comunicado: Reuni\u00f3n en solitario con la empresa"},"content":{"rendered":"<p style=\"text-align: justify\">Mediante este comunicado queremos explicar por qu\u00e9 CGT-LKN no va a acudir hoy a la reuni\u00f3n que nos ha convocado en solitario la empresa.<\/p>\n<p style=\"text-align: justify\">Desconocemos la raz\u00f3n de la convocatoria, pero sea lo que sea que quieran tratar, se debe hacer en el seno del comit\u00e9 en su totalidad, porque somos el reflejo de lo que la plantilla ha elegido en las recientes elecciones.<\/p>\n<p style=\"text-align: justify\"><!--more-->Rechazamos todo tipo de conversaci\u00f3n con cada secci\u00f3n sindical por separado, puesto que la situaci\u00f3n actual no es para menos y creemos que cuanto hay que decir sea a todos los sindicatos de forma colectiva, ya\u00a0 que representan a tod@s l@s trabajadores\/as.<\/p>\n<p style=\"text-align: justify\">Si ahora permitimos que se \u201cnegocie\u201d por separado con cada sindicato, o se mantengan conversaciones por separado lo pr\u00f3ximo podr\u00eda ser que cada un@ suba a negociar sus condiciones laborales en solitario.<\/p>\n<p style=\"text-align: justify\">Es curioso que desde CGT-LKN y desde el comit\u00e9 llevamos reclamando m\u00e1s reuniones con la empresa sobre temas tan pol\u00e9micos como, categor\u00edas, porcentaje de eventuales, seguridad etc\u2026 y la empresa no ha hecho m\u00e1s que dar largas y atrasarlas y de la noche a la ma\u00f1ana pasan de no poder hacer una reuni\u00f3n a hacer cuatro en dos d\u00edas.<\/p>\n<p style=\"text-align: justify\">Est\u00e1 demostrado que el que algo quiere, siempre encuentra un medio y el que nada quiere, buena excusa es el remedio.<\/p>\n<p style=\"text-align: justify\">Por todo esto desde CGT-LKN queremos dejar claro, que ni ahora ni nunca, va a negociar o tratar nada con la empresa a espaldas del comit\u00e9, porque ser\u00eda hacerlo a espaldas de los compa\u00f1er@s.<\/p>\n<p style=\"text-align: justify\">Emplazamos al resto del comit\u00e9, a que reflexionen sobre las formas y el modo antidemocr\u00e1tico que utiliza la empresa para dividir las fuerzas sindicales, por el cual se crear\u00eda un clima de desuni\u00f3n que nos perjudicar\u00eda seriamente en futuras acciones colectivas, que sin duda habr\u00e1 que tomar en fechas no muy lejanas y por tanto les instamos rechacen la invitaci\u00f3n de la empresa.<\/p>\n<p style=\"text-align: justify\">\u00a0<\/p>\n<p style=\"text-align: justify\">Un saludo.\u00a0\u00a0\u00a0\u00a0\u00a0\u00a0\u00a0\u00a0\u00a0\u00a0\u00a0\u00a0\u00a0\u00a0\u00a0\u00a0\u00a0\u00a0\u00a0\u00a0\u00a0\u00a0\u00a0\u00a0\u00a0\u00a0\u00a0\u00a0\u00a0\u00a0\u00a0\u00a0\u00a0\u00a0\u00a0\u00a0\u00a0\u00a0\u00a0\u00a0\u00a0\u00a0\u00a0\u00a0\u00a0\u00a0\u00a0\u00a0\u00a0\u00a0\u00a0\u00a0\u00a0\u00a0\u00a0\u00a0\u00a0\u00a0\u00a0\u00a0\u00a0\u00a0\u00a0\u00a0\u00a0\u00a0\u00a0 Abadi\u00f1on 2011ko Azaroaren 28an.<\/p>\n","protected":false},"excerpt":{"rendered":"<p style=\"text-align: justify\">Mediante este comunicado queremos explicar por qu\u00e9 CGT-LKN no va a acudir hoy a la reuni\u00f3n que nos ha convocado en solitario la empresa.<\/p>\n<p style=\"text-align: justify\">Desconocemos la raz\u00f3n de la convocatoria, pero sea lo que sea que quieran tratar, se debe hacer en el seno del comit\u00e9 en su totalidad, porque somos el reflejo de lo que la plantilla ha elegido en las recientes elecciones.<\/p>\n","protected":false},"author":72,"featured_media":0,"comment_status":"open","ping_status":"open","sticky":false,"template":"","format":"standard","meta":{"footnotes":"","_links_to":"","_links_to_target":""},"categories":[1],"tags":[],"class_list":["post-15","post","type-post","status-publish","format-standard","hentry","category-general"],"publishpress_future_action":{"enabled":false,"date":"2026-05-07 09:46:27","action":"change-status","newStatus":"draft","terms":[],"taxonomy":"category","extraData":[]},"publishpress_future_workflow_manual_trigger":{"enabledWorkflows":[]},"_links":{"self":[{"href":"https:\/\/www.cgt-lkn.org\/bizkaia-gestamp\/wp-json\/wp\/v2\/posts\/15","targetHints":{"allow":["GET"]}}],"collection":[{"href":"https:\/\/www.cgt-lkn.org\/bizkaia-gestamp\/wp-json\/wp\/v2\/posts"}],"about":[{"href":"https:\/\/www.cgt-lkn.org\/bizkaia-gestamp\/wp-json\/wp\/v2\/types\/post"}],"author":[{"embeddable":true,"href":"https:\/\/www.cgt-lkn.org\/bizkaia-gestamp\/wp-json\/wp\/v2\/users\/72"}],"replies":[{"embeddable":true,"href":"https:\/\/www.cgt-lkn.org\/bizkaia-gestamp\/wp-json\/wp\/v2\/comments?post=15"}],"version-history":[{"count":1,"href":"https:\/\/www.cgt-lkn.org\/bizkaia-gestamp\/wp-json\/wp\/v2\/posts\/15\/revisions"}],"predecessor-version":[{"id":2405,"href":"https:\/\/www.cgt-lkn.org\/bizkaia-gestamp\/wp-json\/wp\/v2\/posts\/15\/revisions\/2405"}],"wp:attachment":[{"href":"https:\/\/www.cgt-lkn.org\/bizkaia-gestamp\/wp-json\/wp\/v2\/media?parent=15"}],"wp:term":[{"taxonomy":"category","embeddable":true,"href":"https:\/\/www.cgt-lkn.org\/bizkaia-gestamp\/wp-json\/wp\/v2\/categories?post=15"},{"taxonomy":"post_tag","embeddable":true,"href":"https:\/\/www.cgt-lkn.org\/bizkaia-gestamp\/wp-json\/wp\/v2\/tags?post=15"}],"curies":[{"name":"wp","href":"https:\/\/api.w.org\/{rel}","templated":true}]}}