{"id":1321,"date":"2012-08-09T11:00:51","date_gmt":"2012-08-09T11:00:51","guid":{"rendered":"http:\/\/www.cgt-lkn.org\/bizkaia\/estampa\/?p=1321"},"modified":"2013-11-14T14:04:41","modified_gmt":"2013-11-14T14:04:41","slug":"comunicado-de-empresa-inicio-obras-carretera","status":"publish","type":"post","link":"https:\/\/www.cgt-lkn.org\/bizkaia-gestamp\/2012\/08\/09\/comunicado-de-empresa-inicio-obras-carretera\/","title":{"rendered":"Comunicado de Empresa: INICIO OBRAS CARRETERA"},"content":{"rendered":"<p align=\"center\"><strong>OBRAS CARRETERA ADJUNTA<\/strong><\/p>\n<p>&nbsp;<\/p>\n<p>&nbsp;<\/p>\n<p>Como todos sab\u00e9is hace aproximadamente un a\u00f1o se paraliz\u00f3 la obra de la carretera nacional ya que sin previo conocimiento por nuestra parte, la misma invad\u00eda directamente nuestro espacio de acceso a la f\u00e1brica y de aparcamiento. Tras dicha paralizaci\u00f3n y de forma obligada (al ser un terreno que no es nuestro) hubo que iniciar un periodo de negociaciones, cuya resoluci\u00f3n fue un acuerdo por el cual Estampaciones se garantizaba el tr\u00e1nsito de camiones para poder continuar con una actividad normal y por otro lado el mismo n\u00famero como m\u00ednimo de plazas de aparcamiento que las actuales.<\/p>\n<p>&nbsp;<\/p>\n<p>Ayer se presentaron en la f\u00e1brica los responsables de la Contrata de ETS que lleva a cabo las obras anunci\u00e1ndonos su inicio de obras de forma inmediata, por lo que les emplazamos para mantener una reuni\u00f3n hoy a la ma\u00f1ana con el objetivo de que nos facilitaran toda la informaci\u00f3n necesaria cara a organizarnos, ya que aun siendo el mes de agosto un mes id\u00f3neo cara a acometer estas obras, por su duraci\u00f3n estimada (8 semanas) alcanzan tambi\u00e9n el mes de septiembre.<\/p>\n<p>&nbsp;<\/p>\n<p>Por todo ello os queremos dar inicialmente traslado de lo que en la reuni\u00f3n de hoy se ha tratado y <strong>posteriormente os iremos actualizando la informaci\u00f3n<\/strong>, en la medida en que avancen las obras, ya que <strong>se ha acordado con ellos mantener una reuni\u00f3n semanal<\/strong> para controlar el desarrollo de las mismas:<\/p>\n<p>&nbsp;<\/p>\n<p>\u00a0\u00a0\u00a0\u00a0\u00a0\u00a0\u00a0\u00a0\u00a0\u00a0\u00a0 * Inician hoy mismo la preparaci\u00f3n de la zona, para arrancar la obra el mismo lunes 6 de agosto.<\/p>\n<p>&nbsp;<\/p>\n<p>\u00a0\u00a0\u00a0\u00a0\u00a0\u00a0\u00a0\u00a0\u00a0\u00a0\u00a0 * Plan de trabajo:<\/p>\n<p>\u00a0\u00a0\u00a0\u00a0\u00a0\u00a0\u00a0\u00a0\u00a0\u00a0\u00a0\u00a0\u00a0\u00a0\u00a0\u00a0\u00a0\u00a0\u00a0\u00a0\u00a0\u00a0\u00a0 * Semana 32 y 33 (6 al 19 de agosto):<\/p>\n<p>&#8211; Cierran <strong>el acceso<\/strong> a Estampaciones junto a la curva, por lo que los accesos que quedaran habilitados ser\u00e1n los habituales en el vial central y el acceso frente a Unamunzaga.<\/p>\n<p>\u00a0\u00a0\u00a0\u00a0\u00a0\u00a0\u00a0\u00a0\u00a0\u00a0\u00a0\u00a0\u00a0\u00a0\u00a0\u00a0\u00a0\u00a0\u00a0\u00a0\u00a0\u00a0\u00a0 \u00a0\u00a0\u00a0\u00a0\u00a0\u00a0\u00a0\u00a0\u00a0\u00a0\u00a0 &#8211;\u00a0 Durante este periodo queda prohibido <strong>aparcar<\/strong> en el <strong>TODO el Vial Frontal<\/strong> en el espacio comprendido entre la Curva inicial y el acceso frente a Unamunzaga (si estar\u00e1 permitido circular con precauci\u00f3n). Se habilitara a efectos de aparcar el parking de Direcci\u00f3n junto a la entrada peatonal de oficinas.<\/p>\n<p>\u00a0\u00a0\u00a0\u00a0\u00a0\u00a0\u00a0\u00a0\u00a0\u00a0\u00a0\u00a0\u00a0\u00a0\u00a0\u00a0\u00a0\u00a0\u00a0\u00a0\u00a0\u00a0\u00a0 * Semana 34 y 35 (20 de agosto al 2 de septiembre)<\/p>\n<p>\u00a0\u00a0\u00a0\u00a0\u00a0\u00a0\u00a0\u00a0\u00a0\u00a0\u00a0\u00a0\u00a0\u00a0\u00a0\u00a0\u00a0\u00a0\u00a0\u00a0\u00a0\u00a0\u00a0\u00a0\u00a0\u00a0\u00a0\u00a0\u00a0\u00a0\u00a0\u00a0\u00a0\u00a0 &#8211; El cierre del <strong>acceso<\/strong> junto a la curva se mantiene.<\/p>\n<p>\u00a0\u00a0\u00a0\u00a0\u00a0\u00a0\u00a0\u00a0\u00a0\u00a0\u00a0\u00a0\u00a0\u00a0\u00a0\u00a0\u00a0\u00a0\u00a0\u00a0\u00a0\u00a0\u00a0\u00a0\u00a0\u00a0\u00a0\u00a0\u00a0\u00a0\u00a0\u00a0\u00a0\u00a0 &#8211; Durante este periodo queda prohibido <strong>aparcar<\/strong> en <strong>PARTE del Vial Frontal<\/strong> en el espacio comprendido entre el acceso frente a Unamunzaga \u00a0e Iketz (si estar\u00e1 permitido circular con precauci\u00f3n). En el tramo restante del vial frontal si estar\u00e1 permitido aparcar.<\/p>\n<p>* Semana 36 y 37 (3 al 16 de septiembre)<\/p>\n<p>\u00a0\u00a0\u00a0\u00a0\u00a0\u00a0\u00a0\u00a0\u00a0\u00a0\u00a0\u00a0\u00a0\u00a0\u00a0\u00a0\u00a0\u00a0\u00a0\u00a0\u00a0\u00a0\u00a0\u00a0\u00a0\u00a0\u00a0\u00a0\u00a0\u00a0\u00a0\u00a0\u00a0\u00a0 &#8211; El cierre del <strong>acceso<\/strong> junto a la curva se mantiene.<\/p>\n<p>\u00a0\u00a0\u00a0\u00a0\u00a0\u00a0\u00a0\u00a0\u00a0\u00a0\u00a0\u00a0\u00a0\u00a0\u00a0\u00a0\u00a0\u00a0\u00a0\u00a0\u00a0\u00a0\u00a0\u00a0\u00a0\u00a0\u00a0\u00a0\u00a0\u00a0\u00a0\u00a0\u00a0\u00a0 &#8211; Durante este periodo queda prohibido <strong>aparcar<\/strong> en <strong>PARTE del Vial Frontal<\/strong> en el espacio comprendido entre Iketz \u00a0y el acceso en el Vial Central (si estar\u00e1 permitido circular con precauci\u00f3n). En el tramo restante del vial frontal si estar\u00e1 permitido aparcar (incluido el finalizado en semanas anteriores).<\/p>\n<p>* Semana 38 y 39 (17 al 30 de septiembre)<\/p>\n<p>\u00a0\u00a0\u00a0\u00a0\u00a0\u00a0\u00a0\u00a0\u00a0\u00a0\u00a0\u00a0\u00a0\u00a0\u00a0\u00a0\u00a0\u00a0\u00a0\u00a0\u00a0\u00a0\u00a0\u00a0\u00a0\u00a0\u00a0\u00a0\u00a0\u00a0\u00a0\u00a0\u00a0\u00a0 &#8211; El cierre del <strong>acceso<\/strong> junto a la curva se mantiene.<\/p>\n<p>\u00a0\u00a0\u00a0\u00a0\u00a0\u00a0\u00a0\u00a0\u00a0\u00a0\u00a0\u00a0\u00a0\u00a0\u00a0\u00a0\u00a0\u00a0\u00a0\u00a0\u00a0\u00a0\u00a0\u00a0\u00a0\u00a0\u00a0\u00a0\u00a0\u00a0\u00a0\u00a0\u00a0\u00a0 &#8211; Durante este periodo queda prohibido <strong>aparcar<\/strong> en <strong>PARTE del Vial Frontal<\/strong> en el espacio comprendido entre el acceso frente al Vial Central y el acceso junto a la curva (si estar\u00e1 permitido circular con precauci\u00f3n). En el tramo restante del vial frontal si estar\u00e1 permitido aparcar (incluidos los finalizados en semanas anteriores).<\/p>\n<p>&nbsp;<\/p>\n<p><strong>En paralelo se se\u00f1alizar\u00e1 la obra y \u00a0os pedimos vuestra colaboraci\u00f3n con una obra que a priori nos pueda generar molestias pero en su finalizaci\u00f3n veremos mejorado nuestro lugar de aparcamiento y los accesos.<\/strong><\/p>\n<p><strong>\u00a0<\/strong><\/p>\n<p>RRHH<\/p>\n","protected":false},"excerpt":{"rendered":"<p>OBRAS CARRETERA ADJUNTA &nbsp; &nbsp; Como todos sab\u00e9is hace aproximadamente un a\u00f1o se paraliz\u00f3 la obra de la carretera nacional<\/p>\n","protected":false},"author":72,"featured_media":0,"comment_status":"open","ping_status":"open","sticky":false,"template":"","format":"standard","meta":{"footnotes":"","_links_to":"","_links_to_target":""},"categories":[7],"tags":[],"class_list":["post-1321","post","type-post","status-publish","format-standard","hentry","category-comunicados"],"publishpress_future_action":{"enabled":false,"date":"2026-05-09 15:05:05","action":"change-status","newStatus":"draft","terms":[],"taxonomy":"category","extraData":[]},"publishpress_future_workflow_manual_trigger":{"enabledWorkflows":[]},"_links":{"self":[{"href":"https:\/\/www.cgt-lkn.org\/bizkaia-gestamp\/wp-json\/wp\/v2\/posts\/1321","targetHints":{"allow":["GET"]}}],"collection":[{"href":"https:\/\/www.cgt-lkn.org\/bizkaia-gestamp\/wp-json\/wp\/v2\/posts"}],"about":[{"href":"https:\/\/www.cgt-lkn.org\/bizkaia-gestamp\/wp-json\/wp\/v2\/types\/post"}],"author":[{"embeddable":true,"href":"https:\/\/www.cgt-lkn.org\/bizkaia-gestamp\/wp-json\/wp\/v2\/users\/72"}],"replies":[{"embeddable":true,"href":"https:\/\/www.cgt-lkn.org\/bizkaia-gestamp\/wp-json\/wp\/v2\/comments?post=1321"}],"version-history":[{"count":1,"href":"https:\/\/www.cgt-lkn.org\/bizkaia-gestamp\/wp-json\/wp\/v2\/posts\/1321\/revisions"}],"predecessor-version":[{"id":2272,"href":"https:\/\/www.cgt-lkn.org\/bizkaia-gestamp\/wp-json\/wp\/v2\/posts\/1321\/revisions\/2272"}],"wp:attachment":[{"href":"https:\/\/www.cgt-lkn.org\/bizkaia-gestamp\/wp-json\/wp\/v2\/media?parent=1321"}],"wp:term":[{"taxonomy":"category","embeddable":true,"href":"https:\/\/www.cgt-lkn.org\/bizkaia-gestamp\/wp-json\/wp\/v2\/categories?post=1321"},{"taxonomy":"post_tag","embeddable":true,"href":"https:\/\/www.cgt-lkn.org\/bizkaia-gestamp\/wp-json\/wp\/v2\/tags?post=1321"}],"curies":[{"name":"wp","href":"https:\/\/api.w.org\/{rel}","templated":true}]}}