{"id":1290,"date":"2012-07-16T18:49:50","date_gmt":"2012-07-16T18:49:50","guid":{"rendered":"http:\/\/www.cgt-lkn.org\/bizkaia\/estampa\/?p=1290"},"modified":"2013-11-14T14:04:41","modified_gmt":"2013-11-14T14:04:41","slug":"el-comite-informa-13","status":"publish","type":"post","link":"https:\/\/www.cgt-lkn.org\/bizkaia-gestamp\/2012\/07\/16\/el-comite-informa-13\/","title":{"rendered":"EL COMIT\u00c9 INFORMA"},"content":{"rendered":"<p>En la \u00faltima nota de comit\u00e9 del mi\u00e9rcoles pasado ya os inform\u00e1bamos de c\u00f3mo estaban las negociaciones del convenio y petici\u00f3n de ERE que iba a hacer la empresa para empezar a aplicarlo los dos primeros d\u00edas de agosto. Como ya os dec\u00edamos el comit\u00e9 plante\u00f3 que no estaba dispuesto a negociar una cosa sin la otra,<br \/>y que quer\u00edamos una respuesta a nuestras peticiones a m\u00e1s tardar para el viernes pasado d\u00eda 13 de julio.<\/p>\n<p>El viernes no recibimos respuesta y lo \u00fanico que recibimos solo fue una convocatoria para una siguiente reuni\u00f3n que se celebrar\u00e1 este mi\u00e9rcoles d\u00eda 18 por la ma\u00f1ana.<\/p>\n<p>En vista de que la empresa no parece mostrar ninguna voluntad para llegar a acuerdos , ,el Comit\u00e9 ha decidido entrar en una fase de movilizaciones, realizando en frente de la empresa concentraciones durante esta semana para reclamar un convenio digno y mostrar nuestro rechazo a las medidas regresivas que se nos quieren aplicar aprovech\u00e1ndose de la \u00faltima reforma laboral.<\/p>\n<p>Las concentraciones de los miembros del Comit\u00e9 de empresa se har\u00e1n de martes a viernes de 13,00 a 14,00 horas en frente de las instalaciones de la empresa.<\/p>\n<p>Como dec\u00edamos arriba, y aunque estemos convocados para el mi\u00e9rcoles, pensamos que esta direcci\u00f3n no tiene ninguna intenci\u00f3n de llegar a acuerdos, con lo que si esta semana no se resuelve nada, la semana que viene a m\u00e1s tardar habr\u00e1 que hacer una asamblea para informar al personal y decidir las movilizaciones que llevar\u00e1 a<br \/>cabo la plantilla para desbloquear esta situaci\u00f3n.<\/p>\n<p style=\"text-align: center\"><strong>POR UN CONVENIO DIGNO !!<\/strong><br \/><strong>NO A LA REFORMA LABORAL !!<\/strong><br \/><strong>INPOSAKETARIK EZ !!<\/strong><br \/><strong>Abadi\u00f1on 2012ko uztailaren 16an<\/strong><\/p>\n","protected":false},"excerpt":{"rendered":"<p>En la \u00faltima nota de comit\u00e9 del mi\u00e9rcoles pasado ya os inform\u00e1bamos de c\u00f3mo estaban las negociaciones del convenio y<\/p>\n","protected":false},"author":72,"featured_media":0,"comment_status":"open","ping_status":"open","sticky":false,"template":"","format":"standard","meta":{"footnotes":"","_links_to":"","_links_to_target":""},"categories":[7,13,17],"tags":[],"class_list":["post-1290","post","type-post","status-publish","format-standard","hentry","category-comunicados","category-gestamp","category-movilizaciones"],"publishpress_future_action":{"enabled":false,"date":"2026-05-09 15:05:42","action":"change-status","newStatus":"draft","terms":[],"taxonomy":"category","extraData":[]},"publishpress_future_workflow_manual_trigger":{"enabledWorkflows":[]},"_links":{"self":[{"href":"https:\/\/www.cgt-lkn.org\/bizkaia-gestamp\/wp-json\/wp\/v2\/posts\/1290","targetHints":{"allow":["GET"]}}],"collection":[{"href":"https:\/\/www.cgt-lkn.org\/bizkaia-gestamp\/wp-json\/wp\/v2\/posts"}],"about":[{"href":"https:\/\/www.cgt-lkn.org\/bizkaia-gestamp\/wp-json\/wp\/v2\/types\/post"}],"author":[{"embeddable":true,"href":"https:\/\/www.cgt-lkn.org\/bizkaia-gestamp\/wp-json\/wp\/v2\/users\/72"}],"replies":[{"embeddable":true,"href":"https:\/\/www.cgt-lkn.org\/bizkaia-gestamp\/wp-json\/wp\/v2\/comments?post=1290"}],"version-history":[{"count":1,"href":"https:\/\/www.cgt-lkn.org\/bizkaia-gestamp\/wp-json\/wp\/v2\/posts\/1290\/revisions"}],"predecessor-version":[{"id":2280,"href":"https:\/\/www.cgt-lkn.org\/bizkaia-gestamp\/wp-json\/wp\/v2\/posts\/1290\/revisions\/2280"}],"wp:attachment":[{"href":"https:\/\/www.cgt-lkn.org\/bizkaia-gestamp\/wp-json\/wp\/v2\/media?parent=1290"}],"wp:term":[{"taxonomy":"category","embeddable":true,"href":"https:\/\/www.cgt-lkn.org\/bizkaia-gestamp\/wp-json\/wp\/v2\/categories?post=1290"},{"taxonomy":"post_tag","embeddable":true,"href":"https:\/\/www.cgt-lkn.org\/bizkaia-gestamp\/wp-json\/wp\/v2\/tags?post=1290"}],"curies":[{"name":"wp","href":"https:\/\/api.w.org\/{rel}","templated":true}]}}