{"id":1237,"date":"2012-07-05T18:27:10","date_gmt":"2012-07-05T18:27:10","guid":{"rendered":"http:\/\/www.cgt-lkn.org\/bizkaia\/estampa\/?p=1237"},"modified":"2013-11-14T14:04:41","modified_gmt":"2013-11-14T14:04:41","slug":"resumen-de-situacion-actual-en-la-empresa-%e2%80%8f","status":"publish","type":"post","link":"https:\/\/www.cgt-lkn.org\/bizkaia-gestamp\/2012\/07\/05\/resumen-de-situacion-actual-en-la-empresa-%e2%80%8f\/","title":{"rendered":"Resumen de situaci\u00f3n actual en la empresa.\u200f"},"content":{"rendered":"","protected":false},"excerpt":{"rendered":"<p><strong>Kaixo a todas y todos!<\/strong><\/p>\n<p>Hoy jueves 5 de julio hemos tenido una reuni\u00f3n con la empresa y con este correo queremos contaros lo acontecido.<\/p>\n<p>La negociaci\u00f3n del convenio est\u00e1 muy estancada y hoy la empresa ha planteado que a partir septiembre tengamos un ERE de suspensi\u00f3n de 5 d\u00edas por mes.<\/p>\n<p>Como sabreis Mercedes-Vitoria tiene como ultimo d\u00eda de producci\u00f3n el 24 de julio y el calendario de 2 relevos de NCV2 de Estampa pone d\u00eda de trabajo hasta el 2 de agosto. En Mercedes todavia no han llegado a un acuerdo sobre el ERE<\/p>\n<p>pero parece claro que en los proximos d\u00edas lo alcanzaran.<\/p>\n<p>La empresa plantea que jugando con stocks y demas la gente de NCV2 coja dos d\u00edas (1 y 2 de Agosto) de las horas de libre disposici\u00f3n de cada uno y que s\u00ed no se coge \u00abmayoritariamente\u00bb se meter\u00eda ERE desde Agosto.<\/p>\n<p>Para la semana del 20 al 24 de agosto Volkswagen-Landaben tiene previsto estar parado con cargo a Bolsa con lo que la empresa plantea que para los dias 20 al 24 de agosto los trabajadores de L-6, Granalla, HS01 y HS02 tengan que<\/p>\n<p>coger 2 d\u00edas de libre disposicion de las horas de cada un@.<\/p>\n<p>El planteamiento de ERE dado por la empresa es de 5 d\u00edas en septiembre, 5 d\u00edas en octubre, 5 d\u00edas en noviembre, 5 d\u00edas en diciembre y 5 d\u00edas m\u00e1s por si en algun mes surgen m\u00e1s d\u00edas de ERE.<\/p>\n<p>El miercoles que viene 11 de julio tenemos la siguiente reunion con la empresa en la que se supone que van a traer la documentaci\u00f3n del ERE para que la vayamos estudiando y seguidamente hablaremos del convenio.<\/p>\n<p>Hay que decir que hasta ahora la empresa nos esta ganando de goleada ya que han conseguido mezclar ERE con convenio.<\/p>\n<p><strong>\u00a1Es muy importante que des tu opinion y te pedimos que participes!<\/strong><\/p>\n<p><strong>Ma\u00f1ana viernes 6 de julio y el proximo viernes 13 estaremos en el Bar-restaurante Betixu de Iurreta (iturburu auzoa 9) a partir de las 15:00.<br \/><\/strong><\/p>\n<p><strong>\u00a1Un Saludo<\/strong><strong>!<\/strong><\/p>\n","protected":false},"author":72,"featured_media":0,"comment_status":"open","ping_status":"open","sticky":false,"template":"","format":"standard","meta":{"footnotes":"","_links_to":"","_links_to_target":""},"categories":[7,13],"tags":[],"class_list":["post-1237","post","type-post","status-publish","format-standard","hentry","category-comunicados","category-gestamp"],"publishpress_future_action":{"enabled":false,"date":"2026-05-09 14:13:54","action":"change-status","newStatus":"draft","terms":[],"taxonomy":"category","extraData":[]},"publishpress_future_workflow_manual_trigger":{"enabledWorkflows":[]},"_links":{"self":[{"href":"https:\/\/www.cgt-lkn.org\/bizkaia-gestamp\/wp-json\/wp\/v2\/posts\/1237","targetHints":{"allow":["GET"]}}],"collection":[{"href":"https:\/\/www.cgt-lkn.org\/bizkaia-gestamp\/wp-json\/wp\/v2\/posts"}],"about":[{"href":"https:\/\/www.cgt-lkn.org\/bizkaia-gestamp\/wp-json\/wp\/v2\/types\/post"}],"author":[{"embeddable":true,"href":"https:\/\/www.cgt-lkn.org\/bizkaia-gestamp\/wp-json\/wp\/v2\/users\/72"}],"replies":[{"embeddable":true,"href":"https:\/\/www.cgt-lkn.org\/bizkaia-gestamp\/wp-json\/wp\/v2\/comments?post=1237"}],"version-history":[{"count":1,"href":"https:\/\/www.cgt-lkn.org\/bizkaia-gestamp\/wp-json\/wp\/v2\/posts\/1237\/revisions"}],"predecessor-version":[{"id":2288,"href":"https:\/\/www.cgt-lkn.org\/bizkaia-gestamp\/wp-json\/wp\/v2\/posts\/1237\/revisions\/2288"}],"wp:attachment":[{"href":"https:\/\/www.cgt-lkn.org\/bizkaia-gestamp\/wp-json\/wp\/v2\/media?parent=1237"}],"wp:term":[{"taxonomy":"category","embeddable":true,"href":"https:\/\/www.cgt-lkn.org\/bizkaia-gestamp\/wp-json\/wp\/v2\/categories?post=1237"},{"taxonomy":"post_tag","embeddable":true,"href":"https:\/\/www.cgt-lkn.org\/bizkaia-gestamp\/wp-json\/wp\/v2\/tags?post=1237"}],"curies":[{"name":"wp","href":"https:\/\/api.w.org\/{rel}","templated":true}]}}