{"id":1137,"date":"2012-06-11T15:18:29","date_gmt":"2012-06-11T15:18:29","guid":{"rendered":"http:\/\/www.cgt-lkn.org\/bizkaia\/estampa\/?p=1137"},"modified":"2013-11-14T14:04:42","modified_gmt":"2013-11-14T14:04:42","slug":"asturias-una-vez-mas-nos-ensena-el-camino","status":"publish","type":"post","link":"https:\/\/www.cgt-lkn.org\/bizkaia-gestamp\/2012\/06\/11\/asturias-una-vez-mas-nos-ensena-el-camino\/","title":{"rendered":"Asturias, una vez m\u00e1s, nos ense\u00f1a el camino"},"content":{"rendered":"<p><a href=\"https:\/\/www.cgt-lkn.org\/wp-content\/uploads\/sites\/20\/2012\/06\/mineros-asturias-2.jpg\"><img loading=\"lazy\" decoding=\"async\" class=\"aligncenter size-full wp-image-1138\" alt=\"\" src=\"https:\/\/www.cgt-lkn.org\/wp-content\/uploads\/sites\/20\/2012\/06\/mineros-asturias-2.jpg\" width=\"300\" height=\"168\" \/><\/a><a href=\"https:\/\/www.cgt-lkn.org\/wp-content\/uploads\/sites\/20\/2012\/06\/mineros-asturias-3.jpg\"><img loading=\"lazy\" decoding=\"async\" class=\"aligncenter  wp-image-1139\" alt=\"\" src=\"https:\/\/www.cgt-lkn.org\/wp-content\/uploads\/sites\/20\/2012\/06\/mineros-asturias-3.jpg\" width=\"300\" height=\"168\" \/><\/a><\/p>\n<p><a href=\"https:\/\/www.cgt-lkn.org\/wp-content\/uploads\/sites\/20\/2012\/06\/mineros-asturias-4.jpg\"><img loading=\"lazy\" decoding=\"async\" class=\"aligncenter size-full wp-image-1140\" alt=\"\" src=\"https:\/\/www.cgt-lkn.org\/wp-content\/uploads\/sites\/20\/2012\/06\/mineros-asturias-4.jpg\" width=\"275\" height=\"183\" \/><\/a><\/p>\n<p><a href=\"https:\/\/www.cgt-lkn.org\/wp-content\/uploads\/sites\/20\/2012\/06\/mineros-asturias.jpg\"><img loading=\"lazy\" decoding=\"async\" class=\"aligncenter size-full wp-image-1141\" alt=\"\" src=\"https:\/\/www.cgt-lkn.org\/wp-content\/uploads\/sites\/20\/2012\/06\/mineros-asturias.jpg\" width=\"260\" height=\"194\" \/><\/a><\/p>\n","protected":false},"excerpt":{"rendered":"<p>No ocupa portadas de peri\u00f3dicos nacionales pero es lo m\u00e1s importante que est\u00e1 pasando estos d\u00edas.<\/p>\n<p>Es uno m\u00e1s de los conflictos por la incompetente y abusiva manera de gobernar de nuestros pol\u00edticos, pero es la m\u00e1s decidida y masiva muestra de resistencia de un pueblo que hemos visto en Espa\u00f1a recientemente:\u00a0<strong>Los mineros de las cuencas asturianas y leonesas han ido a la huelga indefinida, a la que se les ha sumado el transporte en Asturias<\/strong>, y est\u00e1n protagonizando cortes de autov\u00edas y manifesta- ciones por decenas cada d\u00eda. Y el lunes 11 se suman los interinos de ense\u00f1anza.<\/p>\n","protected":false},"author":72,"featured_media":0,"comment_status":"open","ping_status":"open","sticky":false,"template":"","format":"standard","meta":{"footnotes":"","_links_to":"","_links_to_target":""},"categories":[1],"tags":[],"class_list":["post-1137","post","type-post","status-publish","format-standard","hentry","category-general"],"publishpress_future_action":{"enabled":false,"date":"2026-05-09 14:16:29","action":"change-status","newStatus":"draft","terms":[],"taxonomy":"category","extraData":[]},"publishpress_future_workflow_manual_trigger":{"enabledWorkflows":[]},"_links":{"self":[{"href":"https:\/\/www.cgt-lkn.org\/bizkaia-gestamp\/wp-json\/wp\/v2\/posts\/1137","targetHints":{"allow":["GET"]}}],"collection":[{"href":"https:\/\/www.cgt-lkn.org\/bizkaia-gestamp\/wp-json\/wp\/v2\/posts"}],"about":[{"href":"https:\/\/www.cgt-lkn.org\/bizkaia-gestamp\/wp-json\/wp\/v2\/types\/post"}],"author":[{"embeddable":true,"href":"https:\/\/www.cgt-lkn.org\/bizkaia-gestamp\/wp-json\/wp\/v2\/users\/72"}],"replies":[{"embeddable":true,"href":"https:\/\/www.cgt-lkn.org\/bizkaia-gestamp\/wp-json\/wp\/v2\/comments?post=1137"}],"version-history":[{"count":3,"href":"https:\/\/www.cgt-lkn.org\/bizkaia-gestamp\/wp-json\/wp\/v2\/posts\/1137\/revisions"}],"predecessor-version":[{"id":2743,"href":"https:\/\/www.cgt-lkn.org\/bizkaia-gestamp\/wp-json\/wp\/v2\/posts\/1137\/revisions\/2743"}],"wp:attachment":[{"href":"https:\/\/www.cgt-lkn.org\/bizkaia-gestamp\/wp-json\/wp\/v2\/media?parent=1137"}],"wp:term":[{"taxonomy":"category","embeddable":true,"href":"https:\/\/www.cgt-lkn.org\/bizkaia-gestamp\/wp-json\/wp\/v2\/categories?post=1137"},{"taxonomy":"post_tag","embeddable":true,"href":"https:\/\/www.cgt-lkn.org\/bizkaia-gestamp\/wp-json\/wp\/v2\/tags?post=1137"}],"curies":[{"name":"wp","href":"https:\/\/api.w.org\/{rel}","templated":true}]}}