{"id":1109,"date":"2012-05-25T08:21:18","date_gmt":"2012-05-25T08:21:18","guid":{"rendered":"http:\/\/www.cgt-lkn.org\/bizkaia\/estampa\/?p=1109"},"modified":"2013-11-14T14:04:42","modified_gmt":"2013-11-14T14:04:42","slug":"querido-senor-presidente-es-usted-un-hijo-de-puta-usted-y-sus-ministros","status":"publish","type":"post","link":"https:\/\/www.cgt-lkn.org\/bizkaia-gestamp\/2012\/05\/25\/querido-senor-presidente-es-usted-un-hijo-de-puta-usted-y-sus-ministros\/","title":{"rendered":"Querido se\u00f1or Presidente: es usted un hijo de puta. Usted y sus ministros."},"content":{"rendered":"<p><span style=\"font-family: Calibri;font-size: medium\">e lo digo as\u00ed, de entrada, porque s\u00e9 que nunca va a leerme, como nunca lee usted libros, ni nada m\u00e1s que peri\u00f3dicos deportivos como usted mismo ha\u00a0<\/span><span style=\"color: blue;font-family: Arial;font-size: x-small\">\u00a0\u00a0\u00a0 <\/span><span style=\"font-family: Calibri;font-size: medium\">confirmado, jact\u00e1ndose, como buen espa\u00f1ol de ser un ignorante. No se enga\u00f1e, por eso lo han votado tanta gente. Perdonen los dem\u00e1s el exabrupto, pero es que est\u00e1 demostrado que somos lo que nuestros padres nos han educado, y si usted y sus ministros son como son, es porque sus madres muy bien no lo han hecho. A pesar de los colegios de pago, de pertenecer a la oligarqu\u00eda de \u00e9pocas dictatoriales, etc. <\/span><\/p>\n<div>\n<div>\n<div>\n<div>\n<div>\n<div>\n<div>\n<div>\n<div>\n<div>\n<div>\n<div>\n<div>\n<blockquote>\n<div>\n<div>\n<p><span style=\"font-family: Calibri;font-size: medium\">Ver\u00e1 usted, se\u00f1or presidente. Lo que m\u00e1s me molesta no es que usted sea un bastardo malnacido, sino un ignorante, y sobre todo un mentiroso. Se present\u00f3 a unas elecciones diciendo que no har\u00eda cosas que ahora hace. Dijo hace tiempo que la posibilidad de una amnist\u00eda fiscal le parec\u00eda injusta y absurda, y no ha tardado ni tres meses en <\/span><span style=\"font-family: Tahoma;font-size: medium\"><a href=\"http:\/\/www.agarzon.net\/?p=1791\" target=\"_blank\"><span style=\"color: #0066cc;font-family: Calibri\">recurrir a esta medida de forma injusta y absurda<\/span><\/a><\/span><span style=\"font-family: Calibri;font-size: medium\">, como se\u00f1ala el diputado de IU Alberto Garz\u00f3n al que usted y sus secuaces ningunean como a cualquier otro que no sea seguidor suyo. \u00c9sa es la democracia que ustedes entienden, ignorar a los representantes de la ciudadan\u00eda que no les af\u00edn. Usted dijo que la Sanidad y la Educaci\u00f3n no se tocaban, y la han tocado pero bien. A la banca nada, y eso que los grandes expertos en econom\u00eda se\u00f1alan que, o le metemos mano a sus amigos de las finanzas<\/span><span style=\"font-family: Tahoma;font-size: medium\"><a href=\"http:\/\/www.elconfidencial.com\/opinion\/mientras-tanto\/2012\/04\/22\/o-la-banca-es-intervenida-o-seis-millones-de-parados-9085\/\" target=\"_blank\"><span style=\"color: #0066cc;font-family: Calibri\">, o nos vamos a pique<\/span><\/a><\/span><span style=\"font-family: Calibri;font-size: medium\">. <\/span><\/p>\n<p><span style=\"font-family: Calibri;font-size: medium\">\u00a0Le voy a explicar unas cuantas cosas dado que usted es un ignorante que lee prensa deportiva en lugar de libros de historia, econom\u00eda o pol\u00edtica. Durante los a\u00f1os 20 hubo gente que tuvo la genial idea de crecer mucho, por encima de sus posibilidades como ahora tienen ustedes tan de moda decirnos. Tanto que incluso a Churchill, para salir de la situaci\u00f3n de postguerra, se le ocurri\u00f3 revalorizar la libra, lo que trajo bajada de sueldos y aumento de las horas de trabajo. No s\u00f3lo no se creci\u00f3 por encima de lo esperado sino que destruy\u00f3 la posibilidad de crear un modelo sostenible de crecimiento basado en el consumo, lo que permite terciarizar una econom\u00eda y hacerla verdaderamente competitiva. Eso es ser un pa\u00eds desarrollado y no ganar mundiales de f\u00fatbol. Cuando lleg\u00f3 la crisis del 29 y la posterior recesi\u00f3n mundial en los 30, en un pa\u00eds tan poco sospechoso de socialista, comunista o lo que ustedes quieran, como EEUU, decidieron adoptar una cosa llamada <em>New Deal<\/em>, que consisti\u00f3, entre otras cosas, en subir los sueldos y bajar las horas de trabajo. Como consecuencia, hab\u00eda m\u00e1s puestos de trabajo para cubrir esas horas de menos, y los que sal\u00edan de su trabajo lo invert\u00edan en consumo, lo que reactiv\u00f3 la econom\u00eda y permiti\u00f3 al pa\u00eds dar un definitivo empuj\u00f3n hacia arriba para salir victorioso de una Guerra Mundial que libr\u00f3 en tres continentes. <\/span><\/p>\n<p><span style=\"font-family: Calibri;font-size: medium\">\u00a0Por si usted no lo sabe, las medidas que est\u00e1 ejecutando han conseguido lo contrario. Hablo en pasado porque tal vez no lo sepa, pero no hay nada nuevo en los famosos \u00abrecortes\u00bb. Argentina, Chile, Polonia, Rusia y as\u00ed hasta un largo etc de pa\u00edses engrosan una horrible lista de fracasos de las pol\u00edticas neoliberales de Milton Friedman y el Consenso de Washington que desde los 70 llevan intentando hacernos creer que sumergir a un pa\u00eds en el shock econ\u00f3mico es una salida a la crisis. Jam\u00e1s las medidas de la Escuela de Chicago han funcionado. Jam\u00e1s un pa\u00eds ha salido de la crisis de esa forma. Jam\u00e1s una sociedad se ha beneficiado de ello. Por el contrario, ha generado <\/span><span style=\"font-family: Tahoma;font-size: medium\"><a href=\"http:\/\/internacional.elpais.com\/internacional\/2012\/04\/21\/actualidad\/1335028608_277635.html\" target=\"_blank\"><span style=\"color: #0066cc;font-family: Calibri\">suicidios<\/span><\/a><\/span><span style=\"font-family: Calibri;font-size: medium\">, deterioro del Estado del Bienestar (que ustedes insisten en decir que se ha terminado mientras vemos c\u00f3mo crece y se desarrolla en otros pa\u00edses de nuestro entorno) y ha destruido el futuro de numerosas generaciones. <\/span><\/p>\n<p><span style=\"font-family: Calibri;font-size: medium\">\u00a0Usted miente, se\u00f1or Presidente, y es sumamente peligroso. Porque el anterior era un in\u00fatil, pero usted es un pir\u00f3mano en mitad de un incendio. El otro cre\u00eda vivir en el Pa\u00eds de las Maravillas y usted nos est\u00e1 sumiendo en el Pa\u00eds de los Horrores. Toda pol\u00edtica fiscal que no se base en la generaci\u00f3n de riqueza, toda medida relativa al empresariado que no atienda prioritariamente a las empresas que cotizan m\u00e1s del 60% de sus ganancias en forma de sueldos e impuestos en Espa\u00f1a (y no Repsol, que solamente invierte un 20% y ahora la defienden como espa\u00f1ola; hay empresas extranjeras que reparten m\u00e1s beneficios al conjunto del pa\u00eds), todo lo que no sea alumbrar un futuro basado en la investigaci\u00f3n y no en el trabajo precario, es destruir el futuro del pa\u00eds. A usted y sus secuaces se les llena la boca diciendo que hay que fomentar el emprendedorismo, y en lugar de ello desarrollan un plan bas\u00e1ndose en los ideales especulativos de los dirigentes de la CEOE cuyo historial de empresas arruinadas por la especulaci\u00f3n de la que ellos salen indemnes mientras el Estado se hace cargo de los parados que dejan es absolutamente bochornosa. Eliminan de todo plan de emprendedores la posibilidad del emprendedor social y generan \u00fanicamente una nueva casta de tiburones amparados en una reforma laboral neofeudal. <\/span><\/p>\n<p><span style=\"font-family: Tahoma;font-size: x-small\">\u00a0<\/span><\/p>\n<p><span style=\"font-family: Calibri;font-size: medium\">Ustedes se olvidan que los pa\u00edses desarrollados como EEUU, Alemania, Francia, etc., invierten entre el 2\u20196 y el 3\u20194% del PIB en I+D+I. Espa\u00f1a no s\u00f3lo necesita un esfuerzo superior (en torno al 6%) para ponerse a su altura sino que ustedes nos <\/span><span style=\"font-family: Tahoma;font-size: medium\"><a href=\"http:\/\/sociedad.elpais.com\/sociedad\/2012\/04\/21\/actualidad\/1335031705_328084.html\" target=\"_blank\"><span style=\"color: #0066cc;font-family: Calibri\">bajan la inversi\u00f3n del 1\u20193% al 0\u20199%<\/span><\/a><\/span><span style=\"font-family: Calibri;font-size: medium\">. Para entendernos, usted que s\u00f3lo lee sobre deportes, es la diferencia entre inventar un coche, y fabricarlo. Quien lo inventa tiene los beneficios de todos y cada uno de los coches que se venden. Quien lo fabrica s\u00f3lo de las unidades que salen de su fabrica. \u00bfD\u00f3nde se inventan los coches? En Alemania, por citar un caso. \u00bfD\u00f3nde se fabrican? En Espa\u00f1a, Polonia o Rumania. Es evidente de qui\u00e9nes estamos m\u00e1s cerca, pues. Al darle el hachazo que usted le ha dado a la investigaci\u00f3n nos condena a ser un pa\u00eds de camareros, portaequipajes, y por supuesto de trabajadores poco o nada cualificados que trabajemos para empresas extranjeras a sueldos miserables mientras tenemos la moneda de los pa\u00edses con mejor calidad de vida. Si seguimos en el euro es para vivir como ellos, no para que ustedes nos hagan vivir como en Botsuana con precios de Par\u00eds. <\/span><\/p>\n<p><span style=\"font-family: Calibri;font-size: medium\">\u00a0Usted nos <\/span><span style=\"font-family: Tahoma;font-size: medium\"><a href=\"http:\/\/economia.elpais.com\/economia\/2012\/04\/20\/actualidad\/1334936437_792753.html\" target=\"_blank\"><span style=\"color: #0066cc;font-family: Calibri\">est\u00e1 suicidando econ\u00f3micamente<\/span><\/a><\/span><span style=\"font-family: Calibri;font-size: medium\">. Tal vez no sepa qui\u00e9n es Paul Kruggman, pero es Premio Nobel de Econom\u00eda. Para \u00e9l es evidente que usted nos miente o no quiere darse cuenta de que no estamos ni siquiera en recesi\u00f3n, sino en fase de depresi\u00f3n, y sus medidas nos hunden cada vez m\u00e1s. Ha aceptado ser el <\/span><span style=\"font-family: Tahoma;font-size: medium\"><a href=\"http:\/\/economia.elpais.com\/economia\/2012\/04\/21\/actualidad\/1335030594_073995.html\" target=\"_blank\"><span style=\"color: #0066cc;font-family: Calibri\">banco de pruebas del FMI<\/span><\/a><\/span><span style=\"font-family: Calibri;font-size: medium\">, cuyas medidas ya arruinaron a varios pa\u00edses, pregunte si no por Grecia o Italia donde est\u00e1n fracasando estrepitosamente. Usted no le dice a la gente que estamos metidos en una III Guerra Mundial cuyas armas no son de fuego, sino que tienen a forma de experimentos socio-econ\u00f3micos, donde los tanques son agencias de calificaci\u00f3n de la deuda, donde los pa\u00edses utilizan a los ciudadanos para intereses ajenos a estos, y donde, al final, la gente est\u00e1 muriendo y sufriendo, como en cualquier guerra. Usted nos dice que es bueno meter a cuarenta alumnos por clase, que es bueno que haya menos profesores, menos m\u00e9dicos, menos atenci\u00f3n sanitaria, y a veces pienso que simplemente usted es gilipollas, que no puede ser que act\u00fae con maldad. Y cr\u00e9ame, lo sigo pensando. Los malos seguramente son otros, usted no tiene la inteligencia suficiente para darse cuenta de todo eso. S\u00ed la tiene, en cambio, para saber que todo esto puede traer revueltas sociales, agitaci\u00f3n en la calle. Por eso va a aprobar una medida por la cual ser\u00e1 terrorismo\u00a0 y condena criminal resistirse a la voluntad del Gobierno expresada en sus brazos de coerci\u00f3n, es decir, al polic\u00eda. Como yo le estoy diciendo esto, seguramente me acusar\u00e1 de terrorismo por incitar a la gente a decirle a usted las verdades a la cara. <\/span><\/p>\n<p><span style=\"font-family: Calibri;font-size: medium\">\u00a0Se\u00f1or Presidente, usted no quiere decirlo porque la <em>F\u00fchrer<\/em> Merkel le amenaza desde el <\/span><span style=\"font-family: Tahoma;font-size: medium\"><a href=\"http:\/\/lacrimaseca.wordpress.com\/2012\/04\/05\/historias-del-iv-reich-merkel-estudia-aplicar-un-impuesto-por-envejecer\/\" target=\"_blank\"><span style=\"color: #0066cc;font-family: Calibri\">IV Reich<\/span><\/a><\/span><span style=\"font-family: Calibri;font-size: medium\"> que se ha instalado. No es una exageraci\u00f3n, oiga, que lo dice hasta el <\/span><span style=\"font-family: Tahoma;font-size: medium\"><a href=\"http:\/\/www.elconfidencial.com\/opinion\/caza-mayor\/2011\/12\/10\/financial-times-contra-el-cuarto-reich-de-angela-merkel-8395\/\" target=\"_blank\"><span style=\"color: #0066cc;font-family: Calibri\">Financial Times<\/span><\/a><\/span><span style=\"font-family: Calibri;font-size: medium\"> que como todo el mundo sabe es muy de izquierdas sin duda. Estamos metidos en mitad de una III Guerra Mundial, vuelvo a repet\u00edrselo, y no es una idea \u00fanicamente m\u00eda, sino de gente de esa que ha estudiado, tiene doctorados, ha dado clase en varias universidades, ha viajado por el mundo, ha le\u00eddo mucho, mucho, habla varios idiomas, ha vivido diferentes procesos de crisis y recuperaci\u00f3n, y a algunos tambi\u00e9n les gustan los deportes. Pero tambi\u00e9n ven que ustedes nos metieron una primera fase de Movimientos Financieros que ahogaron nuestra econom\u00eda y ahora nos meten en una fase de Posiciones para hundirnos en el shock, en el miedo, en la angustia. <\/span><\/p>\n<p><span style=\"font-family: Tahoma;font-size: x-small\">\u00a0<\/span><\/p>\n<p><span style=\"font-family: Calibri;font-size: medium\">Solo le deseo que si alg\u00fan d\u00eda la sociedad se rebela, salimos a la calle, tomamos los poderes p\u00fablicos, proclamamos una Asamblea Constituyente, convocamos un refer\u00e9ndum sobre la forma de Estado, disolvemos los partidos actuales y los obligamos a refundarse en partidos que atiendan a las ideolog\u00edas pol\u00edticas y no a las econ\u00f3micas, establecemos un sistema de elecciones realmente democr\u00e1ticas, nos salimos de la moneda alemana (llamada tambi\u00e9n euro) y establecemos pactos bilaterales con los pa\u00edses importantes, invertimos en educaci\u00f3n e investigaci\u00f3n. Si todo eso pasa y empieza con una mecha que la sociedad enciende. Si pasa y asaltamos su palacete en la Moncloa, ojal\u00e1 usted est\u00e9 ya camino del exilio en Berl\u00edn. <\/span><\/p>\n<p><span style=\"font-family: Tahoma;font-size: x-small\">\u00a0<\/span><\/p>\n<p><span style=\"font-family: Calibri;font-size: medium\">O lo va a pasar mal. Muy mal.<\/span><\/p>\n<p><span style=\"font-family: Tahoma;font-size: x-small\"><br \/><\/span><span style=\"color: #888888;font-family: Tahoma;font-size: x-large\">\u00abLos recortes se aceptan por una de las fuerzas mas importantes de la humanidad, <\/span><span style=\"font-family: Tahoma;font-size: x-small\"><a href=\"http:\/\/www.lasexta.com\/lasextaon\/salvados\/pildora_4__los_recortes_se_aceptan_por_una_de_las_fuerzas_mas_importantes_de_la_humanidad__el_miedo\/293703\/1061\" target=\"_blank\"><span style=\"font-size: x-large\">el miedo.<\/span><\/a><\/span><span style=\"color: #888888;font-family: Tahoma;font-size: x-large\">\u00ab<\/span><\/p>\n<p><span style=\"font-family: Tahoma;font-size: x-small\">\u00a0<\/span><\/p>\n<p><span style=\"color: #333333;font-family: Tahoma;font-size: large\">\u00a0<\/span><strong><span style=\"color: #333333;font-family: Tahoma;font-size: large\"><a title=\"entrevista_completa_con_jose_luis_sampedro\" href=\"http:\/\/www.lasexta.com\/lasextaon\/salvados\/entrevista_completa_con_jose_luis_sampedro\/293583\/1061\" target=\"_blank\"><span style=\"color: #333333\">Jos\u00e9 Luis Sampedro<\/span><\/a><\/span><\/strong><\/p>\n<\/div>\n<\/div>\n<\/blockquote>\n<\/div>\n<\/div>\n<\/div>\n<\/div>\n<\/div>\n<\/div>\n<\/div>\n<\/div>\n<\/div>\n<\/div>\n<\/div>\n<\/div>\n<\/div>\n","protected":false},"excerpt":{"rendered":"<p><strong>La mayor\u00eda de las personas optan por ser gorrones,<\/strong>\u00a0<strong> no participan y dejan que los dem\u00e1s hagan por ellos el trabajo \u00abSucio\u00bb.<\/strong> De ah\u00ed que la inacci\u00f3n sea m\u00e1s probable que la colectiva. \u00abLa paradoja\u00bb, reside en que \u00abgrandes grupos constituidos por individuos racionales no actuar\u00e1n en inter\u00e9s de su grupo\u00bb. <br \/>Mancur Olson<\/p>\n","protected":false},"author":72,"featured_media":0,"comment_status":"open","ping_status":"open","sticky":false,"template":"","format":"standard","meta":{"footnotes":"","_links_to":"","_links_to_target":""},"categories":[20],"tags":[],"class_list":["post-1109","post","type-post","status-publish","format-standard","hentry","category-opinion-debate"],"publishpress_future_action":{"enabled":false,"date":"2026-05-02 11:06:28","action":"change-status","newStatus":"draft","terms":[],"taxonomy":"category","extraData":[]},"publishpress_future_workflow_manual_trigger":{"enabledWorkflows":[]},"_links":{"self":[{"href":"https:\/\/www.cgt-lkn.org\/bizkaia-gestamp\/wp-json\/wp\/v2\/posts\/1109","targetHints":{"allow":["GET"]}}],"collection":[{"href":"https:\/\/www.cgt-lkn.org\/bizkaia-gestamp\/wp-json\/wp\/v2\/posts"}],"about":[{"href":"https:\/\/www.cgt-lkn.org\/bizkaia-gestamp\/wp-json\/wp\/v2\/types\/post"}],"author":[{"embeddable":true,"href":"https:\/\/www.cgt-lkn.org\/bizkaia-gestamp\/wp-json\/wp\/v2\/users\/72"}],"replies":[{"embeddable":true,"href":"https:\/\/www.cgt-lkn.org\/bizkaia-gestamp\/wp-json\/wp\/v2\/comments?post=1109"}],"version-history":[{"count":1,"href":"https:\/\/www.cgt-lkn.org\/bizkaia-gestamp\/wp-json\/wp\/v2\/posts\/1109\/revisions"}],"predecessor-version":[{"id":2302,"href":"https:\/\/www.cgt-lkn.org\/bizkaia-gestamp\/wp-json\/wp\/v2\/posts\/1109\/revisions\/2302"}],"wp:attachment":[{"href":"https:\/\/www.cgt-lkn.org\/bizkaia-gestamp\/wp-json\/wp\/v2\/media?parent=1109"}],"wp:term":[{"taxonomy":"category","embeddable":true,"href":"https:\/\/www.cgt-lkn.org\/bizkaia-gestamp\/wp-json\/wp\/v2\/categories?post=1109"},{"taxonomy":"post_tag","embeddable":true,"href":"https:\/\/www.cgt-lkn.org\/bizkaia-gestamp\/wp-json\/wp\/v2\/tags?post=1109"}],"curies":[{"name":"wp","href":"https:\/\/api.w.org\/{rel}","templated":true}]}}