{"id":11,"date":"2012-01-08T14:58:14","date_gmt":"2012-01-08T14:58:14","guid":{"rendered":"http:\/\/www.cgt-lkn.org\/bizkaia\/estampa\/?p=11"},"modified":"2013-11-14T14:04:43","modified_gmt":"2013-11-14T14:04:43","slug":"cgt-lkn-se-suma-al-acuerdo-del-comite","status":"publish","type":"post","link":"https:\/\/www.cgt-lkn.org\/bizkaia-gestamp\/2012\/01\/08\/cgt-lkn-se-suma-al-acuerdo-del-comite\/","title":{"rendered":"CGT-LKN SE SUMA al acuerdo del comite"},"content":{"rendered":"<p style=\"text-align: justify\"><em>Con motivo de la nota que ha sacado el comit\u00e9 queremos decir que CGT-LKN SE SUMA al acuerdo y que en ning\u00fan momento ha dicho que no se sumaba, solamente que algo de tanta importancia lo ten\u00edamos que consultar con los afiliados y el viernes pasado se ped\u00eda una respuesta urgente,algo que no pod\u00edamos dar. Una vez hecho la consulta el resultado ha sido afirmativo.<\/em><\/p>\n<p style=\"text-align: justify\"><strong><!--more-->Porcentaje de Eventuales:<\/strong>\u00a0 Vemos como positivo que se hagan en total 37 contratos fijos, 21 antes de acabar el a\u00f1o, los 9 contratos de relevo el a\u00f1o que viene (ya veremos si los acepta la siguiente reforma laboral) y los 7 entre matricer\u00eda y mantenimiento. Pero la empresa rechaza la f\u00f3rmula planteada por el comit\u00e9 en el que estaba incluida la CGT, donde se hac\u00eda la media de los meses de Marzo y Octubre, a d\u00eda de hoy, no tenemos ni los datos reales de lo que supondr\u00eda esa propuesta, lo cual nos parece una falta de respeto a la propia propuesta.<strong><br \/> Categor\u00edas: <\/strong>En este punto la<strong> <\/strong>empresa dice que ha realizado la valoraci\u00f3n tan solo a 25 personas, dando prioridad eso s\u00ed a las personas que est\u00e1n realizando tareas de categor\u00eda superior a la reconocida y que estas personas ver\u00e1n en la nomina del 5 de febrero como se les pagan los atrasos que se les debe y el sueldo subido. Pero para el resto de la gente y para la puesta en marcha del sistema en f\u00e1brica a esperar otra vez. Este cuento ya nos lo sabemos, en enero dejar\u00e1n pasar los d\u00edas dando diferentes excusas y el sistema que no se pone en marcha.<strong><br \/>Seguridad: <\/strong>En la reuni\u00f3n del viernes ni se habl\u00f3 de este punto.<br \/><strong>Asamblea:<\/strong>\u00a0 Tanto este viernes para aceptar lo ofrecido por la empresa como anteriormente para realizar paros o no CGT-LKN hemos venido defendiendo la necesidad de realizar una asamblea de trabajadorxs algo que ha sido rechazado por el sindicato mayoritario. El viernes planteamos el que con una visi\u00f3n similar o muy parecida de lo que ha ocurrido en la empresa realiz\u00e1ramos este lunes o martes una asamblea, y plantear\u00edamos el que se aceptase el tema de los contratos y decir que en enero seguir\u00edamos presionando en categor\u00edas y en prevenci\u00f3n con el respaldo de tod@s.\u00a0 <strong><br \/> <\/strong>En resumen se han conseguido avances pero no los esperados, y lo que nos tememos es que la empresa sigua faltando el respeto a tod@s, con el trato que da al comit\u00e9 y a la plantilla. Lo que vemos claro es que si no nos respetan nos tendremos que hacer respetar y movilizarnos m\u00e1s veces. <br \/><strong>Llega el solsticio de invierno y con \u00e9l los tan deseados d\u00edas de descanso. \u00a0\u00a0\u00a0\u00a0 \u00a0\u00a0\u00a0\u00a0\u00a0\u00a0\u00a0\u00a0\u00a0\u00a0\u00a0\u00a0\u00a0\u00a0\u00a0\u00a0\u00a0\u00a0 \u00a0\u00a0\u00a0\u00a0\u00a0\u00a0\u00a0\u00a0\u00a0\u00a0\u00a0\u00a0\u00a0\u00a0\u00a0\u00a0\u00a0\u00a0 Por ello LKN-CGT os desea lo mejor.\u00a0 <\/strong><\/p>\n","protected":false},"excerpt":{"rendered":"<div style=\"text-align: justify\">Con motivo de la nota que ha sacado el comit\u00e9 queremos decir que CGT-LKN SE SUMA al acuerdo y que en ning\u00fan momento ha dicho que no se sumaba, solamente que algo de tanta importancia lo ten\u00edamos que consultar con los afiliados y el viernes pasado se ped\u00eda una respuesta urgente,algo que no pod\u00edamos dar. Una vez hecho la consulta el resultado ha sido afirmativo.<\/div>\n","protected":false},"author":72,"featured_media":0,"comment_status":"open","ping_status":"open","sticky":false,"template":"","format":"standard","meta":{"footnotes":"","_links_to":"","_links_to_target":""},"categories":[7],"tags":[],"class_list":["post-11","post","type-post","status-publish","format-standard","hentry","category-comunicados"],"publishpress_future_action":{"enabled":false,"date":"2026-05-07 09:26:22","action":"change-status","newStatus":"draft","terms":[],"taxonomy":"category","extraData":[]},"publishpress_future_workflow_manual_trigger":{"enabledWorkflows":[]},"_links":{"self":[{"href":"https:\/\/www.cgt-lkn.org\/bizkaia-gestamp\/wp-json\/wp\/v2\/posts\/11","targetHints":{"allow":["GET"]}}],"collection":[{"href":"https:\/\/www.cgt-lkn.org\/bizkaia-gestamp\/wp-json\/wp\/v2\/posts"}],"about":[{"href":"https:\/\/www.cgt-lkn.org\/bizkaia-gestamp\/wp-json\/wp\/v2\/types\/post"}],"author":[{"embeddable":true,"href":"https:\/\/www.cgt-lkn.org\/bizkaia-gestamp\/wp-json\/wp\/v2\/users\/72"}],"replies":[{"embeddable":true,"href":"https:\/\/www.cgt-lkn.org\/bizkaia-gestamp\/wp-json\/wp\/v2\/comments?post=11"}],"version-history":[{"count":1,"href":"https:\/\/www.cgt-lkn.org\/bizkaia-gestamp\/wp-json\/wp\/v2\/posts\/11\/revisions"}],"predecessor-version":[{"id":2377,"href":"https:\/\/www.cgt-lkn.org\/bizkaia-gestamp\/wp-json\/wp\/v2\/posts\/11\/revisions\/2377"}],"wp:attachment":[{"href":"https:\/\/www.cgt-lkn.org\/bizkaia-gestamp\/wp-json\/wp\/v2\/media?parent=11"}],"wp:term":[{"taxonomy":"category","embeddable":true,"href":"https:\/\/www.cgt-lkn.org\/bizkaia-gestamp\/wp-json\/wp\/v2\/categories?post=11"},{"taxonomy":"post_tag","embeddable":true,"href":"https:\/\/www.cgt-lkn.org\/bizkaia-gestamp\/wp-json\/wp\/v2\/tags?post=11"}],"curies":[{"name":"wp","href":"https:\/\/api.w.org\/{rel}","templated":true}]}}