{"id":1079,"date":"2012-05-16T09:03:58","date_gmt":"2012-05-16T09:03:58","guid":{"rendered":"http:\/\/www.cgt-lkn.org\/bizkaia\/estampa\/?p=1079"},"modified":"2013-11-14T14:04:42","modified_gmt":"2013-11-14T14:04:42","slug":"currelita-roja","status":"publish","type":"post","link":"https:\/\/www.cgt-lkn.org\/bizkaia-gestamp\/2012\/05\/16\/currelita-roja\/","title":{"rendered":"CURRELITA ROJA"},"content":{"rendered":"<div>\u00a0<\/div>\n<div>\u00a0<strong>Hab\u00eda una vez una currela muy solidaria. Sus padres eran militantes del comunismo libertario y la currela lo llevaba en la sangre; por eso todo el mundo le llamaba \u201cCurrelita Roja\u201d. <\/strong><\/div>\n<div><a href=\"https:\/\/www.cgt-lkn.org\/wp-content\/uploads\/sites\/20\/2012\/05\/currelita.jpg\"><img loading=\"lazy\" decoding=\"async\" class=\"aligncenter size-medium wp-image-1080\" src=\"https:\/\/www.cgt-lkn.org\/wp-content\/uploads\/sites\/20\/2012\/05\/currelita-238x300.jpg\" alt=\"\" width=\"238\" height=\"300\" srcset=\"https:\/\/www.cgt-lkn.org\/bizkaia-gestamp\/wp-content\/uploads\/sites\/20\/2012\/05\/currelita-238x300.jpg 238w, https:\/\/www.cgt-lkn.org\/bizkaia-gestamp\/wp-content\/uploads\/sites\/20\/2012\/05\/currelita.jpg 254w\" sizes=\"auto, (max-width: 238px) 100vw, 238px\" \/><\/a><\/div>\n<div>Cuando entr\u00f3 a trabajar a relevos, un d\u00eda, su madre le pidi\u00f3 que llevase el bocadillo y le har\u00eda el relevo a su abuela, que con las reformas ya no se pod\u00eda jubilar nunca y trabajaba en una f\u00e1brica al otro lado de la ciudad, recomend\u00e1ndole que no se entretuviese en el trabajo, pues con la pen\u00faltima reforma laboral, conservar el trabajo era muy dif\u00edcil, ya que siempre andaba acechando por all\u00ed el <strong>explotador.<\/strong><\/div>\n<div>Currelita Roja recogi\u00f3 el bocata y se puso en camino. La ni\u00f1a ten\u00eda que atravesar la ciudad para llegar al curro de la Abuelita, pero no le daba miedo porque all\u00ed siempre se encontraba con muchos conocidos: los compa\u00f1eros de juegos, las cotillas&#8230;<\/div>\n<div>De repente vio al explotador, que era enorme, delante de ella.<\/div>\n<div>&#8211; \u00bfA d\u00f3nde vas, ni\u00f1a?- le pregunt\u00f3 el explotador con su voz ronca.<\/div>\n<div>&#8211; A hacer el relevo a mi Abuelita- le dijo Currelita.<\/div>\n<div>&#8211; No est\u00e1 lejos, su puesto de trabajo &#8211; pens\u00f3 el explotador para s\u00ed, d\u00e1ndose media vuelta.<\/div>\n<div>Currelita puso su bocata en el vestuario y se entretuvo cambi\u00e1ndose de ropa: &#8211; El explotador se ha ido -pens\u00f3-, no tengo nada que temer. La abuela se pondr\u00e1 muy contenta cuando me vea que vengo a hacerle el relevo.<\/div>\n<div>Mientras tanto, el explotador se fue al curro de la Abuelita, llam\u00f3 suavemente a la puerta y la anciana le abri\u00f3 pensando que era Currelita. Un currela que pasaba por all\u00ed hab\u00eda observado la llegada del explotador.<\/div>\n<div>El explotador despidi\u00f3 a la Abuelita y se puso a releer la reforma laboral de 2012, se meti\u00f3 en la oficina y cerr\u00f3 los ojos. No tuvo que esperar mucho, pues Currelita Roja lleg\u00f3 enseguida, toda contenta.<\/div>\n<div>La ni\u00f1a se acerc\u00f3 a la f\u00e1brica y vio que su abuela estaba muy afectada, porque se hab\u00eda quedado sin trabajo y sin indemnizaci\u00f3n.<\/div>\n<div>Entonces, vio al explotador que ya hab\u00eda contratado a otra persona y le dijo:<\/div>\n<div>&#8211; Explotador, explotador, \u00a1qu\u00e9 jeta m\u00e1s grande tienes!<\/div>\n<div>&#8211; Es para joder a los currelas mejor- dijo el explotador tratando de imitar la voz de buena persona.<\/div>\n<div>&#8211; Explotador, explotador, \u00a1qu\u00e9 falso m\u00e1s grande eres!<\/div>\n<div>&#8211; Es para enga\u00f1arte mejor- sigui\u00f3 diciendo el explotador.<\/div>\n<div>&#8211; Explotador, explotador, \u00a1qu\u00e9 reforma laboral m\u00e1s mala tienes!<\/div>\n<div>&#8211; Es para&#8230; \u00a1joderte mejoooor!- y diciendo esto, el explotador malvado se abalanz\u00f3 sobre la ni\u00f1ita y la despidi\u00f3, lo mismo que hab\u00eda hecho con la abuelita.<\/div>\n<div>Mientras tanto, el currela se hab\u00eda quedado preocupado y creyendo adivinar las malas intenciones del explotador, decidi\u00f3 echar un vistazo a ver si todo iba bien en el puesto de trabajo de la Abuelita. Pidi\u00f3 ayuda a un sindicalista, que conoc\u00eda, por ser el que denunciaba siempre todas las injusticias, y los dos juntos llegaron al lugar. Vieron la puerta del curro abierta y al explotador tumbado en la oficina, riendo a mand\u00edbula batiente, y se o\u00edan las carcajadas por toda la f\u00e1brica, de tan feliz que estaba.<\/div>\n<div>El currela sac\u00f3 su cuchillo y raj\u00f3 el vientre del explotador. La Abuelita y Currelita estaban all\u00ed, \u00a1sonrientes!.<\/div>\n<div>Para castigar al explotador malo, el currela le llen\u00f3 el vientre de reformas laborales y luego lo volvi\u00f3 a cerrar. Cuando el explotador despert\u00f3 de su pesado sue\u00f1o, sinti\u00f3 much\u00edsima sed y se dirigi\u00f3 a un estanque pr\u00f3ximo para beber. Como las reformas laborales no hay quien se las trague, porque joden mucho, cay\u00f3 en el estanque de cabeza y se ahog\u00f3. \u00a0\u00a0\u00a0\u00a0<\/div>\n<div>En cuanto a Currelita y su abuela, no sufrieron m\u00e1s que un gran susto, pero Currelita Roja hab\u00eda aprendido la lecci\u00f3n. Prometi\u00f3 a su Abuelita no apoyar a los que aprueban reformas y a quienes las aplican. De ahora en adelante, seguir\u00eda las juiciosas recomendaciones de su Abuelita y de su Mam\u00e1.<\/div>\n<div>Las recomendaciones eran estas:<\/div>\n<div>1.- Denunciar siempre las injusticias.<\/div>\n<div>2.- Apoyar y unirse a quienes siempre denuncian las injusticias.<\/div>\n<div>3.- Participar y aportar ideas solidarias.<\/div>\n<div>4.- Promover la autogesti\u00f3n y el apoyo mutuo.<\/div>\n<div>5.- No permitir que nadie decida por ti.<\/div>\n<div>6.- Hacer a los dem\u00e1s lo que quiero que los dem\u00e1s me hagan a m\u00ed.<\/div>\n<div>Hay muchas m\u00e1s y la mayor\u00eda de las personas las conocen. Son todas esas que casi nunca se ponen en pr\u00e1ctica.<\/div>\n<div>\u00bfFIN?<\/div>\n","protected":false},"excerpt":{"rendered":"<p>\u00a0 \u00a0Hab\u00eda una vez una currela muy solidaria. Sus padres eran militantes del comunismo libertario y la currela lo llevaba<\/p>\n","protected":false},"author":72,"featured_media":0,"comment_status":"open","ping_status":"open","sticky":false,"template":"","format":"standard","meta":{"footnotes":"","_links_to":"","_links_to_target":""},"categories":[36,14],"tags":[],"class_list":["post-1079","post","type-post","status-publish","format-standard","hentry","category-httptejodeneneltrabajo-blogspot-com","category-humor"],"publishpress_future_action":{"enabled":false,"date":"2026-05-04 20:47:53","action":"change-status","newStatus":"draft","terms":[],"taxonomy":"category","extraData":[]},"publishpress_future_workflow_manual_trigger":{"enabledWorkflows":[]},"_links":{"self":[{"href":"https:\/\/www.cgt-lkn.org\/bizkaia-gestamp\/wp-json\/wp\/v2\/posts\/1079","targetHints":{"allow":["GET"]}}],"collection":[{"href":"https:\/\/www.cgt-lkn.org\/bizkaia-gestamp\/wp-json\/wp\/v2\/posts"}],"about":[{"href":"https:\/\/www.cgt-lkn.org\/bizkaia-gestamp\/wp-json\/wp\/v2\/types\/post"}],"author":[{"embeddable":true,"href":"https:\/\/www.cgt-lkn.org\/bizkaia-gestamp\/wp-json\/wp\/v2\/users\/72"}],"replies":[{"embeddable":true,"href":"https:\/\/www.cgt-lkn.org\/bizkaia-gestamp\/wp-json\/wp\/v2\/comments?post=1079"}],"version-history":[{"count":1,"href":"https:\/\/www.cgt-lkn.org\/bizkaia-gestamp\/wp-json\/wp\/v2\/posts\/1079\/revisions"}],"predecessor-version":[{"id":2309,"href":"https:\/\/www.cgt-lkn.org\/bizkaia-gestamp\/wp-json\/wp\/v2\/posts\/1079\/revisions\/2309"}],"wp:attachment":[{"href":"https:\/\/www.cgt-lkn.org\/bizkaia-gestamp\/wp-json\/wp\/v2\/media?parent=1079"}],"wp:term":[{"taxonomy":"category","embeddable":true,"href":"https:\/\/www.cgt-lkn.org\/bizkaia-gestamp\/wp-json\/wp\/v2\/categories?post=1079"},{"taxonomy":"post_tag","embeddable":true,"href":"https:\/\/www.cgt-lkn.org\/bizkaia-gestamp\/wp-json\/wp\/v2\/tags?post=1079"}],"curies":[{"name":"wp","href":"https:\/\/api.w.org\/{rel}","templated":true}]}}