{"id":1066,"date":"2012-05-13T09:55:09","date_gmt":"2012-05-13T09:55:09","guid":{"rendered":"http:\/\/www.cgt-lkn.org\/bizkaia\/estampa\/?p=1066"},"modified":"2013-11-14T14:04:42","modified_gmt":"2013-11-14T14:04:42","slug":"negociar-la-reforma-laboral-de-2012","status":"publish","type":"post","link":"https:\/\/www.cgt-lkn.org\/bizkaia-gestamp\/2012\/05\/13\/negociar-la-reforma-laboral-de-2012\/","title":{"rendered":"\u00bfNEGOCIAR LA REFORMA LABORAL DE 2012?"},"content":{"rendered":"<p><strong>As\u00ed no, pero \u00bfas\u00ed si?<\/strong><strong>.<\/strong><\/p>\n<p><a href=\"https:\/\/www.cgt-lkn.org\/wp-content\/uploads\/sites\/20\/2012\/05\/sogasUGT-CCOO.jpg\"><img loading=\"lazy\" decoding=\"async\" class=\"aligncenter size-full wp-image-1067\" src=\"https:\/\/www.cgt-lkn.org\/wp-content\/uploads\/sites\/20\/2012\/05\/sogasUGT-CCOO.jpg\" alt=\"\" width=\"226\" height=\"320\" srcset=\"https:\/\/www.cgt-lkn.org\/bizkaia-gestamp\/wp-content\/uploads\/sites\/20\/2012\/05\/sogasUGT-CCOO.jpg 226w, https:\/\/www.cgt-lkn.org\/bizkaia-gestamp\/wp-content\/uploads\/sites\/20\/2012\/05\/sogasUGT-CCOO-211x300.jpg 211w\" sizes=\"auto, (max-width: 226px) 100vw, 226px\" \/><\/a><br \/>Nuestros queridos, amados y bienaven(tor)turados pol\u00edticos y sindicalistos, no se ponen de acuerdo a la hora de ahorcarnos con la \u00bf\u00faltima? reforma laboral.<\/p>\n<p>Unos quieren aplic\u00e1rnosla sin negociar, y los otros la quieren negociada.<\/p>\n<p>Como ya tenemos la experiencia de todo lo negociado y aceptado anteriormente, no nos vamos a asustar de lo que puede salir de dicha negociaci\u00f3n tan deseada por nuestros agentes suciales.<\/p>\n<p>Nos ha ido tan bien con las anteriores reformas, con las ETT, con los ERE, con el salario m\u00ednimo, con la jubilaci\u00f3n a los 67, con la eventualidad, con la precariedad, con el paro\u2026\u2026\u2026\u2026\u2026.<\/p>\n<p>Ahora que nos han despedido, nos han echado de nuestra vivienda por no poder pagarla, nos recortan en sanidad, en educaci\u00f3n, en dignidad, en salarios, en cobrar el paro, en indemnizaciones por despido\u2026\u2026\u2026\u2026\u2026\u2026\u2026\u2026\u2026\u2026\u2026\u2026\u2026 les volvemos a dar nuestro apoyo.<\/p>\n<p>Ahora, como siempre, los que trabajan y producen pierden sus derechos, mientras los que pueden hacer favores consiguen beneficios para sus muchos vicios.<\/p>\n<p>Ahora, como siempre, las personas honradas son tildadas de idiotas y los corruptos de pillos y listillos, a los que la mayor\u00eda apoya a cambio de alg\u00fan favorcillo.<\/p>\n<p>Ahora, como siempre, a todos a los que producimos algo, nos est\u00e1n recortando, y los que no producen nada m\u00e1s que sufrimiento, se est\u00e1n forrando.<\/p>\n<p>Pero el ser humano, en su infinita inteligencia y demostrando que cuando uno se tropieza mil veces en la misma piedra, es culpa de la piedra, se para y piensa: <strong>Si la piedra no se mueve, yo tampoco. <\/strong><\/p>\n<p>Por eso mismo, a la hora de elegir entre una reforma negociada o sin negociar, el ser inhumano lo tiene claro. Siempre ser\u00e1 mejor ahorcarse con material de calidad. Porque no es lo mismo.<\/p>\n","protected":false},"excerpt":{"rendered":"<p>As\u00ed no, pero \u00bfas\u00ed si?. Nuestros queridos, amados y bienaven(tor)turados pol\u00edticos y sindicalistos, no se ponen de acuerdo a la<\/p>\n","protected":false},"author":72,"featured_media":0,"comment_status":"open","ping_status":"open","sticky":false,"template":"","format":"standard","meta":{"footnotes":"","_links_to":"","_links_to_target":""},"categories":[36,14],"tags":[],"class_list":["post-1066","post","type-post","status-publish","format-standard","hentry","category-httptejodeneneltrabajo-blogspot-com","category-humor"],"publishpress_future_action":{"enabled":false,"date":"2026-05-09 15:05:41","action":"change-status","newStatus":"draft","terms":[],"taxonomy":"category","extraData":[]},"publishpress_future_workflow_manual_trigger":{"enabledWorkflows":[]},"_links":{"self":[{"href":"https:\/\/www.cgt-lkn.org\/bizkaia-gestamp\/wp-json\/wp\/v2\/posts\/1066","targetHints":{"allow":["GET"]}}],"collection":[{"href":"https:\/\/www.cgt-lkn.org\/bizkaia-gestamp\/wp-json\/wp\/v2\/posts"}],"about":[{"href":"https:\/\/www.cgt-lkn.org\/bizkaia-gestamp\/wp-json\/wp\/v2\/types\/post"}],"author":[{"embeddable":true,"href":"https:\/\/www.cgt-lkn.org\/bizkaia-gestamp\/wp-json\/wp\/v2\/users\/72"}],"replies":[{"embeddable":true,"href":"https:\/\/www.cgt-lkn.org\/bizkaia-gestamp\/wp-json\/wp\/v2\/comments?post=1066"}],"version-history":[{"count":1,"href":"https:\/\/www.cgt-lkn.org\/bizkaia-gestamp\/wp-json\/wp\/v2\/posts\/1066\/revisions"}],"predecessor-version":[{"id":2314,"href":"https:\/\/www.cgt-lkn.org\/bizkaia-gestamp\/wp-json\/wp\/v2\/posts\/1066\/revisions\/2314"}],"wp:attachment":[{"href":"https:\/\/www.cgt-lkn.org\/bizkaia-gestamp\/wp-json\/wp\/v2\/media?parent=1066"}],"wp:term":[{"taxonomy":"category","embeddable":true,"href":"https:\/\/www.cgt-lkn.org\/bizkaia-gestamp\/wp-json\/wp\/v2\/categories?post=1066"},{"taxonomy":"post_tag","embeddable":true,"href":"https:\/\/www.cgt-lkn.org\/bizkaia-gestamp\/wp-json\/wp\/v2\/tags?post=1066"}],"curies":[{"name":"wp","href":"https:\/\/api.w.org\/{rel}","templated":true}]}}