{"id":1060,"date":"2012-05-12T09:44:32","date_gmt":"2012-05-12T09:44:32","guid":{"rendered":"http:\/\/www.cgt-lkn.org\/bizkaia\/estampa\/?p=1060"},"modified":"2013-11-14T14:04:42","modified_gmt":"2013-11-14T14:04:42","slug":"ponderar-el-iva","status":"publish","type":"post","link":"https:\/\/www.cgt-lkn.org\/bizkaia-gestamp\/2012\/05\/12\/ponderar-el-iva\/","title":{"rendered":"\u00bfPONDERAR EL IVA?"},"content":{"rendered":"<div>\u00a0<\/div>\n<div><a href=\"http:\/\/4.bp.blogspot.com\/-ha6QgGi8O14\/T6AubRr5s7I\/AAAAAAAAAbA\/q89KCeh8Aew\/s1600\/Montoro.JPG\"><img loading=\"lazy\" decoding=\"async\" src=\"http:\/\/4.bp.blogspot.com\/-ha6QgGi8O14\/T6AubRr5s7I\/AAAAAAAAAbA\/q89KCeh8Aew\/s320\/Montoro.JPG\" alt=\"\" width=\"254\" height=\"320\" border=\"0\" \/><\/a><\/div>\n<p><strong>Cristobal Montoro en la rueda de prensa para confesarnos con ruedas de molino.<\/strong><br \/> <strong>Declaraci\u00f3n de Cristobal Montoro, ministro de hacienda del gobierno del PP.<\/strong><br \/> <strong>\u00abNo vamos a subir impuestos, sino a cambiar la ponderaci\u00f3n\u00bb.<\/strong><br \/> <strong>\u00bfPonderar el IVA?<\/strong><\/p>\n<div><strong>DEFINICIONES\u00a0<\/strong><\/div>\n<div><strong>I.V.A.: Impuesto sobre el Valor A\u00f1adido<\/strong><\/div>\n<div><strong>Ponderar:<\/strong><\/div>\n<div><strong>1.-Pesar, determinar el peso de una cosa. <\/strong><strong>\u00bfCambiar el peso del IVA?<\/strong><\/div>\n<div><strong>2.- Examinar con atenci\u00f3n una cosa. <\/strong><strong>\u00bfExaminar con atenci\u00f3n el IVA?<\/strong><\/div>\n<div><strong>3.- Exagerar, encarecer. <\/strong><strong>\u00bfExagerar o encarecer el IVA?<\/strong><\/div>\n<div><strong>4.- Contrapesar, equilibrar. <\/strong><strong>\u00bfContrapesar o equilibrar el IVA?<\/strong><\/div>\n<p> <strong>Y a\u00f1ado yo:<\/strong><br \/> <strong>El IVA no est\u00e1 ponderado, qui\u00e9n lo ponderar\u00e1. El ponderador que lo pondere, buen ponderador ser\u00e1.<\/strong><br \/> <strong>Hablaba del IVA, pero podr\u00eda haber m\u00e1s.\u00a0 <\/strong>Despu\u00e9s de esto, hay otras frases muy interesantes que pod\u00eda haber pronunciado\u00a0el maestro Montoro-Joda,\u00a0algunas de meditar y otras solamente nos ponen a pensar un poco lo curiosas que\u00a0pueden ser: <\/p>\n<p>\u201cVive el momento, no pienses; siente, utiliza tu instinto, siente La Fuerza con la que\u00a0te vamos a joder la vida\u201d. <\/p>\n<p>\u201cMiedo, Ira, Agresividad\u2026 El lado oscuro ellos son (el PSOE). Si alg\u00fan d\u00eda rijen\u00a0tu vida, para siempre tu\u00a0destino dominar\u00e1n.\u201d <\/p>\n<p>\u201cEl poder de un JODA fluye de La Fuerza\u201d. <\/p>\n<p>\u201cEl apego a las cosas nos lleva a los celos\u201d\u00a0 Mejor que no tengais casi nada.S\u00f3lo necesidad.<\/p>\n<p>\u201cEl finiquito llega y la precariedad debe llegar, as\u00ed es el orden de las cosas,el orden de La Fuerza\u201d. <\/p>\n<p>\u201cEl miedo es el camino al lado oscuro\u201d Al no hacer nada para cambiar esto,no ver\u00e1s ninguna mejora.<\/p>\n<p>\u201cEl miedo te lleva a la ira, la ira te lleva al odio y \u00e9sta al sufrimiento\u2026\u201dAguanta y te jodes.<\/p>\n<p>\u201cLa guerra no lo hace a uno m\u00e1s grandioso\u201d. Pero si m\u00e1s rico.<\/p>\n<p>\u201cDif\u00edcil mi misi\u00f3n es, pero imposible no\u201d <\/p>\n<p>\u201cBien, calma, s\u00ed; a trav\u00e9s de La Fuerza ver\u00e1s cosas, otros lugares,el pasado, el futuro, los viejos amigos\u00a0que se fueron&#8230;&#8230;&#8230;&#8230;al paro\u201d <\/p>\n<p>\u201cNo es diferente, solo es diferente en tu mente, debes olvidarte de lo\u00a0que has aprendido\u201d <\/p>\n<p>\u201cMuchas verdades que creemos dependen del punto de vista\u201d Y est\u00e1\u00a0visto que los que\u00a0mandamos hacemos\u00a0lo que nos da la gana y punto.<\/p>\n<p>\u201cNo, no lo intentes, piensalo, pero no lo intentes\u201d. <\/p>\n<p>\u201cTen muy presente que tu efoque determina tu realidad\u201d Y la realidad es que est\u00e1s cagado.<\/p>\n","protected":false},"excerpt":{"rendered":"<p>\u00a0 Cristobal Montoro en la rueda de prensa para confesarnos con ruedas de molino. Declaraci\u00f3n de Cristobal Montoro, ministro de<\/p>\n","protected":false},"author":72,"featured_media":0,"comment_status":"open","ping_status":"open","sticky":false,"template":"","format":"standard","meta":{"footnotes":"","_links_to":"","_links_to_target":""},"categories":[36,14],"tags":[],"class_list":["post-1060","post","type-post","status-publish","format-standard","hentry","category-httptejodeneneltrabajo-blogspot-com","category-humor"],"publishpress_future_action":{"enabled":false,"date":"2026-05-09 13:38:46","action":"change-status","newStatus":"draft","terms":[],"taxonomy":"category","extraData":[]},"publishpress_future_workflow_manual_trigger":{"enabledWorkflows":[]},"_links":{"self":[{"href":"https:\/\/www.cgt-lkn.org\/bizkaia-gestamp\/wp-json\/wp\/v2\/posts\/1060","targetHints":{"allow":["GET"]}}],"collection":[{"href":"https:\/\/www.cgt-lkn.org\/bizkaia-gestamp\/wp-json\/wp\/v2\/posts"}],"about":[{"href":"https:\/\/www.cgt-lkn.org\/bizkaia-gestamp\/wp-json\/wp\/v2\/types\/post"}],"author":[{"embeddable":true,"href":"https:\/\/www.cgt-lkn.org\/bizkaia-gestamp\/wp-json\/wp\/v2\/users\/72"}],"replies":[{"embeddable":true,"href":"https:\/\/www.cgt-lkn.org\/bizkaia-gestamp\/wp-json\/wp\/v2\/comments?post=1060"}],"version-history":[{"count":1,"href":"https:\/\/www.cgt-lkn.org\/bizkaia-gestamp\/wp-json\/wp\/v2\/posts\/1060\/revisions"}],"predecessor-version":[{"id":2316,"href":"https:\/\/www.cgt-lkn.org\/bizkaia-gestamp\/wp-json\/wp\/v2\/posts\/1060\/revisions\/2316"}],"wp:attachment":[{"href":"https:\/\/www.cgt-lkn.org\/bizkaia-gestamp\/wp-json\/wp\/v2\/media?parent=1060"}],"wp:term":[{"taxonomy":"category","embeddable":true,"href":"https:\/\/www.cgt-lkn.org\/bizkaia-gestamp\/wp-json\/wp\/v2\/categories?post=1060"},{"taxonomy":"post_tag","embeddable":true,"href":"https:\/\/www.cgt-lkn.org\/bizkaia-gestamp\/wp-json\/wp\/v2\/tags?post=1060"}],"curies":[{"name":"wp","href":"https:\/\/api.w.org\/{rel}","templated":true}]}}