{"id":5171,"date":"2026-04-30T08:29:18","date_gmt":"2026-04-30T08:29:18","guid":{"rendered":"https:\/\/www.cgt-lkn.org\/araba\/?p=5171"},"modified":"2026-05-01T08:32:08","modified_gmt":"2026-05-01T08:32:08","slug":"1o-de-mayo-anarcosindicalista","status":"publish","type":"post","link":"https:\/\/www.cgt-lkn.org\/araba\/blog\/archivos\/5171","title":{"rendered":"1\u00ba DE MAYO ANARCOSINDICALISTA"},"content":{"rendered":"<p>Egun on!<\/p>\n<p>Ya est\u00e1 aqu\u00ed el d\u00eda 1 mayo.<\/p>\n<p>Como en a\u00f1os anteriores vamos a repetir formato. A las 12:30 saldremos del Palacio de congresos Europa y terminaremos en el Farol\u00f3n, junto con los sindicatos CNT, ESK y STEILAS.<\/p>\n<p>A las 12 quedamos en el sindicato, para coger megafon\u00eda y banderas.<\/p>\n<p>Os esperamos.<\/p>\n<p>&nbsp;<\/p>\n","protected":false},"excerpt":{"rendered":"<p>Egun on! Ya est\u00e1 aqu\u00ed el d\u00eda 1 mayo. Como en a\u00f1os anteriores vamos a repetir formato. A las 12:30<\/p>\n","protected":false},"author":6,"featured_media":5167,"comment_status":"closed","ping_status":"closed","sticky":false,"template":"","format":"standard","meta":{"footnotes":""},"categories":[15],"tags":[],"class_list":["post-5171","post","type-post","status-publish","format-standard","has-post-thumbnail","hentry","category-movilizaciones"],"_links":{"self":[{"href":"https:\/\/www.cgt-lkn.org\/araba\/wp-json\/wp\/v2\/posts\/5171","targetHints":{"allow":["GET"]}}],"collection":[{"href":"https:\/\/www.cgt-lkn.org\/araba\/wp-json\/wp\/v2\/posts"}],"about":[{"href":"https:\/\/www.cgt-lkn.org\/araba\/wp-json\/wp\/v2\/types\/post"}],"author":[{"embeddable":true,"href":"https:\/\/www.cgt-lkn.org\/araba\/wp-json\/wp\/v2\/users\/6"}],"replies":[{"embeddable":true,"href":"https:\/\/www.cgt-lkn.org\/araba\/wp-json\/wp\/v2\/comments?post=5171"}],"version-history":[{"count":1,"href":"https:\/\/www.cgt-lkn.org\/araba\/wp-json\/wp\/v2\/posts\/5171\/revisions"}],"predecessor-version":[{"id":5172,"href":"https:\/\/www.cgt-lkn.org\/araba\/wp-json\/wp\/v2\/posts\/5171\/revisions\/5172"}],"wp:featuredmedia":[{"embeddable":true,"href":"https:\/\/www.cgt-lkn.org\/araba\/wp-json\/wp\/v2\/media\/5167"}],"wp:attachment":[{"href":"https:\/\/www.cgt-lkn.org\/araba\/wp-json\/wp\/v2\/media?parent=5171"}],"wp:term":[{"taxonomy":"category","embeddable":true,"href":"https:\/\/www.cgt-lkn.org\/araba\/wp-json\/wp\/v2\/categories?post=5171"},{"taxonomy":"post_tag","embeddable":true,"href":"https:\/\/www.cgt-lkn.org\/araba\/wp-json\/wp\/v2\/tags?post=5171"}],"curies":[{"name":"wp","href":"https:\/\/api.w.org\/{rel}","templated":true}]}}