{"id":5067,"date":"2025-03-31T09:34:41","date_gmt":"2025-03-31T09:34:41","guid":{"rendered":"https:\/\/www.cgt-lkn.org\/araba\/?p=5067"},"modified":"2025-03-31T09:34:41","modified_gmt":"2025-03-31T09:34:41","slug":"sufres-un-accidente-o-una-enfermedad-laboral-y-la-mutua-o-el-servicio-medico-de-la-empresa-no-te-da-la-baja","status":"publish","type":"post","link":"https:\/\/www.cgt-lkn.org\/araba\/blog\/archivos\/5067","title":{"rendered":"SUFRES UN ACCIDENTE O UNA ENFERMEDAD LABORAL Y LA MUTUA O EL SERVICIO M\u00c9DICO DE LA EMPRESA NO TE DA LA BAJA"},"content":{"rendered":"<p style=\"text-align: center;\"><span class=\"fontstyle0\"><span style=\"color: #ff0000;\">SUFRES UN ACCIDENTE O UNA ENFERMEDAD LABORAL<\/span><br \/>\n<span style=\"color: #ff0000;\">Y LA MUTUA O EL SERVICIO M\u00c9DICO DE LA EMPRESA NO TE DA LA BAJA<\/span><br \/>\n<\/span><span class=\"fontstyle2\">H<\/span><span class=\"fontstyle2\">ace a\u00f1os que las empresas ponen muchas pegas a la hora de dar la baja laboral por lesiones o enfermedades profesionales producidas a consecuencia de estar<br \/>\ndurante a\u00f1os en trabajos repetitivos, cargas y ritmos excesivos de trabajo o por estar expuesto a un determinado agente o sustancia.<br \/>\nEn la actualidad, esto ha ido a peor; puedes sufrir una lesi\u00f3n en la espalda, hombro o cualquier otra parte del cuerpo, por un sobreesfuerzo o un mal gesto que<br \/>\nte impida seguir trabajando y la mutua o servicio m\u00e9dico de la empresa, tener la jeta de decirte: <\/span><span class=\"fontstyle3\">que te lo has hecho por la pr\u00e1ctica de un deporte, que la<br \/>\nlesi\u00f3n que tienes no te la ha provocado el trabajo que estabas realizando sino que es de tu vida privada, que es una enfermedad degenerativa <\/span><span class=\"fontstyle2\">, o cualquier<br \/>\notro argumento para decirte finalmente que, no pueden tratarte esa dolencia y que ha que ser tu m\u00e9dico de cabecera quien te lo mire y te de la baja.<\/span><\/p>\n<p style=\"text-align: center;\"><span class=\"fontstyle2\"><br \/>\n<\/span><span class=\"fontstyle0\"><span style=\"color: #ff0000;\">QU\u00c9 INTER\u00c9S TIENEN LAS EMPRESAS Y MUTUAS EN NO RECONOCER EL ACCIDENTE COMO LABORAL<\/span><br \/>\n<\/span><span class=\"fontstyle2\">C<\/span><span class=\"fontstyle2\">uando alg\u00fan trabajador o trabajadora sufre una lesi\u00f3n en su puesto de trabajo, la empresa est\u00e1 obligada a revisar la evaluaci\u00f3n de riesgos y las medidas preventivas<br \/>\nde ese puesto de trabajo, con el fin de evitar que vuelva a suceder. Al ocultar los accidentes de trabajo y las consecuencias que estos tienen para los trabajadores<br \/>\ny trabajadoras, las empresas se libran de tener que revisar las medidas preventivas de los puestos en donde se producen los accidentes de trabajo o donde se<br \/>\ncausa la enfermedad laboral y no tienen por lo tanto que invertir en corregir o modificar el puesto de trabajo.<\/span><\/p>\n<p style=\"text-align: center;\"><span class=\"fontstyle2\"><br \/>\nAl maquillar los datos de siniestralidad, se libran de posibles seguimientos que la Inspecci\u00f3n de Trabajo realiza a empresas de alta siniestralidad y de paso \u00e9sta, no les<br \/>\nobliga a cambiar las condiciones de trabajo en los puestos donde se han producido los accidentes o enfermedades profesionales. Como no se reconoce que tu trabajo te<br \/>\nha generado ese problema de salud, no se investigar\u00e1n las causas, ni se aplicar\u00e1n medidas preventivas para evitar que vuelva a sucederte a t\u00ed o a otra persona. Las empresas y mutuas, con ello, maquillan las estad\u00edsticas, bajan los casos de accidentabilidad y pueden ser bonificadas econ\u00f3micamente por la administraci\u00f3n p\u00fablica.<\/span><\/p>\n<p style=\"text-align: center;\"><span class=\"fontstyle2\"><br \/>\nEn las p\u00e1ginas centrales de este documento, os explicamos de una forma resumida y gr\u00e1fica, c\u00f3mo reclamar y qu\u00e9 pasos hay que dar.<\/span><\/p>\n<p style=\"text-align: center;\"><span class=\"fontstyle2\"><br \/>\n<\/span><span class=\"fontstyle0\"><span style=\"color: #ff0000;\">CONSECUENCIAS NEGATIVAS AL NO ACTUAR ANTE ESTAS SITUACIONES<\/span><br \/>\n<\/span><span class=\"fontstyle2\">Si no actuamos, no se reconocer\u00e1n los problemas de salud derivados del trabajo, no se valorar\u00e1n adecuadamente su importancia real ni ser\u00e1n visibles para la<br \/>\nsociedad. Con ello se deriva un coste al sistema p\u00fablico de salud que en realidad es empresarial y que suponen millones de euros que, salen de las arcas del<br \/>\nestado que, pagamos entre todos y todas con nuestros impuestos.<br \/>\nSi no reclamamos el cambio de contingencia por accidente laboral, estamos renunciando a realizar otro tipo de acciones y por lo tanto, a compensaciones econ\u00f3micas<br \/>\na las que tendr\u00edamos derecho, si la empresa no ha tomado las medidas oportunas. Es decir, se podr\u00eda dar el caso, de que paralelamente a la reclamaci\u00f3n de contingencia<br \/>\nlaboral, podemos presentar una denuncia a Inspecci\u00f3n de Trabajo. Podr\u00edamos estar ante una situaci\u00f3n, donde entendemos que nuestro trabajo no re\u00fane las condiciones<br \/>\nm\u00ednimas de seguridad, por manipular exceso de peso, trabajos repetitivos, etc. En caso de que se determine la existencia de faltas de medidas de seguridad, podr\u00edas<br \/>\nsolicitar la aplicaci\u00f3n del llamado \u201crecargo por faltas\u201d. Otros elementos que tambi\u00e9n son importantes a tener en cuenta si asumes una baja com\u00fan y no reclamas son:<br \/>\n\u2022 Debes pagar el tratamiento farmacol\u00f3gico y los desplazamientos (el 40% del precio del medicamento).<br \/>\nSi se considera una contingencia profesional, todo lo costea la mutua.<br \/>\n\u2022 S\u00f3lo cobrar\u00e1s prestaci\u00f3n econ\u00f3mica, si has cotizado un m\u00ednimo de 6 meses en la seguridad social.<br \/>\nEn el caso de las contingencias profesionales no es necesaria cotizaci\u00f3n m\u00ednima.<br \/>\n\u2022 La prestaci\u00f3n econ\u00f3mica es menor, salvo que en tu convenio colectivo se mejore.<br \/>\n\u2022 Los 3 primeros d\u00edas no se cobra nada, corren a cargo de la persona empleada, a no ser que est\u00e9 mejorado<br \/>\npor convenio. Desde bel d\u00eda 4 hasta el 20 inclusive, corresponde el 60% de la base reguladora. (En este periodo desde el d\u00eda 4 hasta el d\u00eda 15 inclusive, la prestaci\u00f3n<br \/>\necon\u00f3mica corre a cargo de la empresa). Desde el d\u00eda 21 en adelante, corresponde el 75% de la base reguladora por contingencias comunes. Mientras que por<br \/>\nContingencia profesional, el d\u00eda del accidente laboral el salario \u00edntegro es a cargo de la empresa. Desde el d\u00eda siguiente a la baja el 75% de la base reguladora<br \/>\npor contingencias profesionales. Hay convenios que lo mejoran y es el 100%.<br \/>\n\u2022 En caso de finalizar tu contrato de trabajo, o te echan del mismo y tienes derecho a prestaci\u00f3n por desempleo, si est\u00e1s de baja por enfermedad com\u00fan, el tiempo<br \/>\nque dura la misma, se descuenta del paro, mientras que en el caso de accidente o enfermedad laboral, no.<br \/>\n\u2022 Si tienes secuelas o una lesi\u00f3n permanente no invalidante no tendr\u00e1s derecho la indemnizaci\u00f3n al no considerarse de origen profesional.<br \/>\n<\/span><span class=\"fontstyle2\">Ante cualquier duda, ponte en contacto con nosotras<br \/>\n<\/span><span class=\"fontstyle4\">C<\/span><span class=\"fontstyle4\">ONFEDERACI\u00d3N <\/span><span class=\"fontstyle4\">G<\/span><span class=\"fontstyle4\">ENERAL DEL <\/span><span class=\"fontstyle4\">T<\/span><span class=\"fontstyle4\">RABAJO<br \/>\n<\/span><span class=\"fontstyle2\">www.cgt.org.es @cgt www.rojoynegro.inf<\/span><\/p>\n<p><a href=\"https:\/\/www.cgt-lkn.org\/wp-content\/uploads\/sites\/16\/2025\/03\/como-actuar-accidente-laboral-o-enferm3dad-profesional-CGT.pdf\" target=\"_blank\" rel=\"noopener\">DESCARGAR EN PDF<\/a><\/p>\n<p><img loading=\"lazy\" decoding=\"async\" class=\"aligncenter wp-image-5068\" src=\"https:\/\/www.cgt-lkn.org\/araba\/wp-content\/uploads\/sites\/16\/2025\/03\/como-actuar-accidente-laboral-o-enferm3dad-profesional-CGT_pages-to-jpg-0002.jpg\" alt=\"\" width=\"702\" height=\"991\" srcset=\"https:\/\/www.cgt-lkn.org\/araba\/wp-content\/uploads\/sites\/16\/2025\/03\/como-actuar-accidente-laboral-o-enferm3dad-profesional-CGT_pages-to-jpg-0002.jpg 425w, https:\/\/www.cgt-lkn.org\/araba\/wp-content\/uploads\/sites\/16\/2025\/03\/como-actuar-accidente-laboral-o-enferm3dad-profesional-CGT_pages-to-jpg-0002-213x300.jpg 213w\" sizes=\"auto, (max-width: 702px) 100vw, 702px\" \/><\/p>\n","protected":false},"excerpt":{"rendered":"<p>SUFRES UN ACCIDENTE O UNA ENFERMEDAD LABORAL Y LA MUTUA O EL SERVICIO M\u00c9DICO DE LA EMPRESA NO TE DA<\/p>\n","protected":false},"author":28,"featured_media":5068,"comment_status":"closed","ping_status":"closed","sticky":false,"template":"","format":"standard","meta":{"footnotes":""},"categories":[2,12],"tags":[],"class_list":["post-5067","post","type-post","status-publish","format-standard","has-post-thumbnail","hentry","category-derechos-laborales","category-salud-laboral"],"_links":{"self":[{"href":"https:\/\/www.cgt-lkn.org\/araba\/wp-json\/wp\/v2\/posts\/5067","targetHints":{"allow":["GET"]}}],"collection":[{"href":"https:\/\/www.cgt-lkn.org\/araba\/wp-json\/wp\/v2\/posts"}],"about":[{"href":"https:\/\/www.cgt-lkn.org\/araba\/wp-json\/wp\/v2\/types\/post"}],"author":[{"embeddable":true,"href":"https:\/\/www.cgt-lkn.org\/araba\/wp-json\/wp\/v2\/users\/28"}],"replies":[{"embeddable":true,"href":"https:\/\/www.cgt-lkn.org\/araba\/wp-json\/wp\/v2\/comments?post=5067"}],"version-history":[{"count":3,"href":"https:\/\/www.cgt-lkn.org\/araba\/wp-json\/wp\/v2\/posts\/5067\/revisions"}],"predecessor-version":[{"id":5071,"href":"https:\/\/www.cgt-lkn.org\/araba\/wp-json\/wp\/v2\/posts\/5067\/revisions\/5071"}],"wp:featuredmedia":[{"embeddable":true,"href":"https:\/\/www.cgt-lkn.org\/araba\/wp-json\/wp\/v2\/media\/5068"}],"wp:attachment":[{"href":"https:\/\/www.cgt-lkn.org\/araba\/wp-json\/wp\/v2\/media?parent=5067"}],"wp:term":[{"taxonomy":"category","embeddable":true,"href":"https:\/\/www.cgt-lkn.org\/araba\/wp-json\/wp\/v2\/categories?post=5067"},{"taxonomy":"post_tag","embeddable":true,"href":"https:\/\/www.cgt-lkn.org\/araba\/wp-json\/wp\/v2\/tags?post=5067"}],"curies":[{"name":"wp","href":"https:\/\/api.w.org\/{rel}","templated":true}]}}