{"id":3480,"date":"2021-03-26T09:52:36","date_gmt":"2021-03-26T09:52:36","guid":{"rendered":"http:\/\/www.cgt-lkn.org\/araba\/?p=3480"},"modified":"2021-03-26T09:52:36","modified_gmt":"2021-03-26T09:52:36","slug":"herido-grave-un-trabajador-de-mercedes-al-quedar-atrapado-por-una-maquina","status":"publish","type":"post","link":"https:\/\/www.cgt-lkn.org\/araba\/blog\/archivos\/3480","title":{"rendered":"Herido grave un trabajador de Mercedes al quedar atrapado por una m\u00e1quina"},"content":{"rendered":"<p>Un\u00a0<strong>trabajador de la planta de Mercedes Benz<\/strong>\u00a0en Gasteiz ha resultado\u00a0<strong>herido grave<\/strong>\u00a0durante un accidente laboral ocurrido durante el turno de noche en la l\u00ednea 9 de montaje final.<\/p>\n<p>Seg\u00fan fuentes sindicales consultadas por DIARIO DE NOTICIAS DE \u00c1LAVA, el empleado herido pertenece al\u00a0<strong>turno de noche<\/strong>\u00a0y ha tenido lugar en los \u00faltimos minutos de su jornada laboral. En una de las fases de\u00a0<strong>ensamblado del veh\u00edculo<\/strong>, en la zona donde se colocan las ruedas a los monovol\u00famenes, el operario\u00a0<strong>ha traspasado una valla<\/strong>\u00a0y se ha interpuesto en el radio de la acci\u00f3n de la m\u00e1quina.<\/p>\n<div id=\"smartIntxt\"><\/div>\n<p>El infortunio se ha cebado con el trabajador que ha\u00a0<strong>quedado atrapado por la m\u00e1quina<\/strong>\u00a0entre la carrocer\u00eda del veh\u00edculo y la pared. Hasta el lugar se han desplazado los equipos de emergencia que han procedido a la evacuaci\u00f3n del trabajador hasta el quir\u00f3fano de un complejo hospitalario despu\u00e9s de que se le hubieran hinchado la cara, la cabeza y manara sangre por los o\u00eddos.<\/p>\n<p>A pesar de todo,\u00a0<strong>el trabajador ha mantenido la consciencia\u00a0<\/strong>y ha entablado di\u00e1logo con los sanitarios desplazados. \u00abA priori parec\u00eda un accidente grave\u00bb, han explicado las fuentes sindicales a DNA.<\/p>\n<p>fuente:<a href=\"https:\/\/www.noticiasdealava.eus\/araba\/2021\/03\/24\/herido-grave-trabajador-mercedes-quedar\/1088285.html\">https:\/\/www.noticiasdealava.eus\/araba\/2021\/03\/24\/herido-grave-trabajador-mercedes-quedar\/1088285.html<\/a><\/p>\n","protected":false},"excerpt":{"rendered":"<p>Un\u00a0trabajador de la planta de Mercedes Benz\u00a0en Gasteiz ha resultado\u00a0herido grave\u00a0durante un accidente laboral ocurrido durante el turno de noche<\/p>\n","protected":false},"author":28,"featured_media":3481,"comment_status":"closed","ping_status":"closed","sticky":false,"template":"","format":"standard","meta":{"footnotes":""},"categories":[12],"tags":[],"class_list":["post-3480","post","type-post","status-publish","format-standard","has-post-thumbnail","hentry","category-salud-laboral"],"_links":{"self":[{"href":"https:\/\/www.cgt-lkn.org\/araba\/wp-json\/wp\/v2\/posts\/3480","targetHints":{"allow":["GET"]}}],"collection":[{"href":"https:\/\/www.cgt-lkn.org\/araba\/wp-json\/wp\/v2\/posts"}],"about":[{"href":"https:\/\/www.cgt-lkn.org\/araba\/wp-json\/wp\/v2\/types\/post"}],"author":[{"embeddable":true,"href":"https:\/\/www.cgt-lkn.org\/araba\/wp-json\/wp\/v2\/users\/28"}],"replies":[{"embeddable":true,"href":"https:\/\/www.cgt-lkn.org\/araba\/wp-json\/wp\/v2\/comments?post=3480"}],"version-history":[{"count":1,"href":"https:\/\/www.cgt-lkn.org\/araba\/wp-json\/wp\/v2\/posts\/3480\/revisions"}],"predecessor-version":[{"id":3482,"href":"https:\/\/www.cgt-lkn.org\/araba\/wp-json\/wp\/v2\/posts\/3480\/revisions\/3482"}],"wp:featuredmedia":[{"embeddable":true,"href":"https:\/\/www.cgt-lkn.org\/araba\/wp-json\/wp\/v2\/media\/3481"}],"wp:attachment":[{"href":"https:\/\/www.cgt-lkn.org\/araba\/wp-json\/wp\/v2\/media?parent=3480"}],"wp:term":[{"taxonomy":"category","embeddable":true,"href":"https:\/\/www.cgt-lkn.org\/araba\/wp-json\/wp\/v2\/categories?post=3480"},{"taxonomy":"post_tag","embeddable":true,"href":"https:\/\/www.cgt-lkn.org\/araba\/wp-json\/wp\/v2\/tags?post=3480"}],"curies":[{"name":"wp","href":"https:\/\/api.w.org\/{rel}","templated":true}]}}