{"id":3166,"date":"2020-04-07T11:44:42","date_gmt":"2020-04-07T11:44:42","guid":{"rendered":"http:\/\/www.cgt-lkn.org\/araba\/?p=3166"},"modified":"2020-04-10T11:48:13","modified_gmt":"2020-04-10T11:48:13","slug":"7-de-abril-2020-dia-mundial-de-la-salud-nuestras-vidas-valen-mas-que-vuestros-beneficios","status":"publish","type":"post","link":"https:\/\/www.cgt-lkn.org\/araba\/blog\/archivos\/3166","title":{"rendered":"7 DE ABRIL 2020 D\u00cdA MUNDIAL DE LA SALUD, NUESTRAS VIDAS VALEN M\u00c1S QUE VUESTROS BENEFICIOS"},"content":{"rendered":"<p style=\"text-align: center;\"><strong>7 de abril 2020 D\u00eda mundial de la salud, nuestras vidas valen m\u00e1s que vuestros beneficios<\/strong><\/p>\n<p>&nbsp;<\/p>\n<p>Desde la Confederaci\u00f3n General del Trabajo reivindicamos la salud como derecho fundamental. M\u00e1s all\u00e1 de los minutos de aplausos diarios, el personal sanitario que se juega su vida cada d\u00eda para salvar la vida y preservar la salud de la poblaci\u00f3n se merece un presupuesto que garantice los Servicios Esenciales para la vida as\u00ed como su Salud Laboral. Desde CGT exigimos la equipaci\u00f3n preventiva necesaria para el ejercicio de sus funciones sanitarias. No queremos m\u00e1s h\u00e9roes ni hero\u00ednas, queremos que el personal sanitario vuelva sano y salvo a sus casas cuando termine su jornada laboral.<\/p>\n<p>&nbsp;<\/p>\n<p>Igualmente recibimos con preocupaci\u00f3n el anuncio del Gobierno de recuperar el pr\u00f3ximo lunes la actividad industrial sin poder garantizar que la clase trabajadora que debiera salir el lunes a sus puestos de trabajo lo haga en condiciones de total seguridad frente a la epidemia del Coronavirus. Con el actual desabastecimiento de material preventivo como las m\u00e1scaras, hidrogeles y guantes y los dos d\u00edas festivos que preceder\u00e1n al fin de semana, dudamos que el gobierno pueda garantizar el abastecimiento del material preventivo para que la clase trabajadora vuelva a poner en marcha la industria. Seguimos sin querer m\u00e1s hero\u00edsmos ni sacrificios de la clase trabajadora. Es por ello que exigimos a la patronal y sus empresas que se doten de EPIs para toda la plantilla cuando recupere la actividad industrial.<\/p>\n<p>&nbsp;<\/p>\n<p>Nuestra salud vale m\u00e1s que vuestra codicia.<\/p>\n<p>&nbsp;<\/p>\n<p>Es tiempo de sacrificios tambi\u00e9n para el capital, no solo para la clase trabajadora que ya est\u00e1 pagando con sus vidas, salarios e impuestos esta crisis.<\/p>\n<p>&nbsp;<\/p>\n<p>CGT se ha sumado al esfuerzo colectivo y la denuncia de la Red europea contra la privatizaci\u00f3n y comercializaci\u00f3n de la salud as\u00ed como al llamamiento internacional de apoyo al personal sanitario de Red Sindical Internacional de Solidaridad y luchas.<\/p>\n<p>&nbsp;<\/p>\n<p>#saludparatodos<\/p>\n","protected":false},"excerpt":{"rendered":"<p>7 de abril 2020 D\u00eda mundial de la salud, nuestras vidas valen m\u00e1s que vuestros beneficios &nbsp; Desde la Confederaci\u00f3n<\/p>\n","protected":false},"author":28,"featured_media":3167,"comment_status":"closed","ping_status":"closed","sticky":false,"template":"","format":"standard","meta":{"footnotes":""},"categories":[16,7,2,3,12],"tags":[],"class_list":["post-3166","post","type-post","status-publish","format-standard","has-post-thumbnail","hentry","category-comunicados","category-conflictos-laborales","category-derechos-laborales","category-economia","category-salud-laboral"],"_links":{"self":[{"href":"https:\/\/www.cgt-lkn.org\/araba\/wp-json\/wp\/v2\/posts\/3166","targetHints":{"allow":["GET"]}}],"collection":[{"href":"https:\/\/www.cgt-lkn.org\/araba\/wp-json\/wp\/v2\/posts"}],"about":[{"href":"https:\/\/www.cgt-lkn.org\/araba\/wp-json\/wp\/v2\/types\/post"}],"author":[{"embeddable":true,"href":"https:\/\/www.cgt-lkn.org\/araba\/wp-json\/wp\/v2\/users\/28"}],"replies":[{"embeddable":true,"href":"https:\/\/www.cgt-lkn.org\/araba\/wp-json\/wp\/v2\/comments?post=3166"}],"version-history":[{"count":1,"href":"https:\/\/www.cgt-lkn.org\/araba\/wp-json\/wp\/v2\/posts\/3166\/revisions"}],"predecessor-version":[{"id":3168,"href":"https:\/\/www.cgt-lkn.org\/araba\/wp-json\/wp\/v2\/posts\/3166\/revisions\/3168"}],"wp:featuredmedia":[{"embeddable":true,"href":"https:\/\/www.cgt-lkn.org\/araba\/wp-json\/wp\/v2\/media\/3167"}],"wp:attachment":[{"href":"https:\/\/www.cgt-lkn.org\/araba\/wp-json\/wp\/v2\/media?parent=3166"}],"wp:term":[{"taxonomy":"category","embeddable":true,"href":"https:\/\/www.cgt-lkn.org\/araba\/wp-json\/wp\/v2\/categories?post=3166"},{"taxonomy":"post_tag","embeddable":true,"href":"https:\/\/www.cgt-lkn.org\/araba\/wp-json\/wp\/v2\/tags?post=3166"}],"curies":[{"name":"wp","href":"https:\/\/api.w.org\/{rel}","templated":true}]}}