{"id":3094,"date":"2020-03-17T11:00:11","date_gmt":"2020-03-17T11:00:11","guid":{"rendered":"http:\/\/www.cgt-lkn.org\/araba\/?p=3094"},"modified":"2020-03-17T11:00:54","modified_gmt":"2020-03-17T11:00:54","slug":"3094","status":"publish","type":"post","link":"https:\/\/www.cgt-lkn.org\/araba\/blog\/archivos\/3094","title":{"rendered":"EL GOBIERNO APROBAR\u00c1 HOY M\u00c1S MEDIDAS DE APOYO A LA LIQUIDEZ DE LAS EMPRESAS"},"content":{"rendered":"<div class=\"voc-detail-header\">\n<h1 style=\"text-align: center;\">El Gobierno aprobar\u00e1 hoy m\u00e1s medidas de apoyo a la liquidez de las empresas<\/h1>\n<figure class=\"voc-main-figure \">\n<div class=\"voc-height-auto\"><img decoding=\"async\" title=\"\" src=\"https:\/\/static1.hoy.es\/www\/multimedia\/202003\/17\/media\/cortadas\/consejo%20de%20mtros-k8JG-U100564047843BQI-624x385@RC.jpg\" alt=\"El consejo de ministros celebrado el pasado s\u00e1bado \/EFE\" \/><\/div><figcaption class=\"figure-caption\"><span class=\"voc-photo-caption\">El consejo de ministros celebrado el pasado s\u00e1bado \/\u00a0<\/span><span class=\"voc-photo-author\">EFE<\/span><\/figcaption><\/figure>\n<h2>Tambi\u00e9n se contempla la agilizaci\u00f3n de los ERTE y tener derecho a paro sin haber reunido la cotizaci\u00f3n m\u00ednima<\/h2>\n<\/div>\n<p>El Gobierno busca aprobar hoy en el Consejo de Ministros un segundo paquete de medidas para hacer frente a los efectos econ\u00f3micos del coronavirus. El Ejecutivo pondr\u00e1 el foco en el alivio de las situaciones de estr\u00e9s que puedan estar viviendo las empresas en t\u00e9rminos de liquidez y tesorer\u00eda.\u00a0<strong>Si en otros pa\u00edses el Gobierno ha dado apoyo v\u00eda avales a las empresas, la ministra de Econom\u00eda, Nadia Calvi\u00f1o, se limit\u00f3 ayer a hablar de \u00abgarant\u00edas de liquidez\u00bb al sector privado, aunque tambi\u00e9n se estar\u00eda estudiando que pudieran llegar a ser avales p\u00fablicos a trav\u00e9s del ICO.<\/strong><\/p>\n<p>El Ejecutivo puede tocar otras teclas, como las\u00a0<strong>cotizaciones sociales<\/strong>. Estaba previsto que en el Consejo de Ministros de hace una semana se aprobara una moratoria de las cotizaciones a la Seguridad Social para empresas y trabajadores por cuenta propia. Pero se decidi\u00f3 retrasar por el compromiso adquirido por el Gobierno de tratar la cuesti\u00f3n con los interlocutores sociales, patronal y sindicatos. Tras la reuni\u00f3n de la tarde del jueves entre estos tres actores, puede que sea hoy mismo cuando se termine aprobando.<\/p>\n<p>Horas antes de esta reuni\u00f3n, en el Consejo de Ministros extraordinario que tuvo lugar ese mismo jueves, el Ejecutivo ya hab\u00eda pulsado la tecla fiscal: fue ese d\u00eda cuando se aprob\u00f3 una moratoria en el pago de impuestos para aut\u00f3nomos y peque\u00f1as y medianas empresas y que implica, seg\u00fan c\u00e1lculos del Ejecutivo, una inyecci\u00f3n de 14.000 millones de euros. Aunque el Gobierno defiende que, pese a que \u00e9ste no es dinero nuevo en la econom\u00eda, sino s\u00f3lo un diferimiento en el pago, s\u00ed se alivia una situaci\u00f3n que se prev\u00e9 coyuntural no teniendo que realizar estos desembolsos.<\/p>\n<p>Pero no se descartan nuevas medidas de \u00edndole impositiva. El Gobierno argumenta que la realidad es din\u00e1mica y que \u00abno es la misma\u00bb la situaci\u00f3n en que se encontraba el pa\u00eds hace una semana, que despu\u00e9s de la entrada en vigor del estado de alarma este domingo.\u00a0<strong>\u00abLa respuesta econ\u00f3mica\u00bb, afirman, \u00abtiene que venir despu\u00e9s de la sanitaria\u00bb<\/strong>. Esta idea explica este goteo y este ritmo sincopado de actuaciones en el \u00e1mbito econ\u00f3mico.<\/p>\n<p>Tambi\u00e9n se qued\u00f3 en suspenso y pendiente del acuerdo con las organizaciones sindicales y empresariales la aprobaci\u00f3n de una\u00a0<strong>prestaci\u00f3n econ\u00f3mica para ayudar a los padres que no puedan teletrabajar o se vean obligados a reducir su jornada laboral para cuidar a sus hijos<\/strong>, ahora que las clases en los colegios est\u00e1n suspendidas. Se tratar\u00eda de una medida enmarcada dentro del apoyo que se quiere prestar a las familias, para garantizar sus ingresos. Ello, despu\u00e9s de que se aprobara considerar a las personas de baja por coronavirus como de baja por enfermedad profesional, lo que tambi\u00e9n buscaba el sostenimiento de rentas.<\/p>\n<p>Otro objetivo declarado por el Gobierno es que los ajustes en el empleo no sean permanentes, sino coyunturales por el par\u00f3n de la actividad que impone la contenci\u00f3n del virus. A este efecto, el presidente del Gobierno, Pedro S\u00e1nchez, s\u00ed precis\u00f3 el s\u00e1bado que se flexibilizar\u00edan y agilizar\u00edan los expedientes de regulaci\u00f3n temporal de empleo (ERTE) y se les dotar\u00eda de m\u00e1s garant\u00edas para los trabajadores, lo que va en l\u00ednea de lo propuesto por patronal y sindicatos, y con la prioridad de Trabajo, que ayer avanzaba estar trabajando en todas las medidas para que, frente a la crisis, se suspendan las relaciones laborales temporalmente y no haya despidos.<\/p>\n<p>Pero, ante la eventualidad del desempleo, el Gobierno tambi\u00e9n estudia\u00a0<strong>la concesi\u00f3n del paro sin cotizaci\u00f3n m\u00ednima.<\/strong><\/p>\n<p>Los ministerios de Trabajo y de Seguridad Social, de los que los titulares son Yolanda D\u00edaz y Jos\u00e9 Luis Escriv\u00e1, respectivamente, trabajaban ayer \u00aben com\u00fan\u00bb y \u00aba contrarreloj\u00bb y \u00aben coordinaci\u00f3n\u00bb con el resto del Gobierno para dise\u00f1ar medidas \u00absustantivas\u00bb y para que \u00ablo m\u00e1s importante\u00bb pueda aprobarse hoy mismo.<\/p>\n<p>El \u00faltimo punto de la agenda econ\u00f3mica del Gobierno para hoy puede ser la aprobaci\u00f3n de una partida para apoyar la investigaci\u00f3n de vacunas y curas contra el coronavirus.<\/p>\n<p>Fuente: Hoy.es<\/p>\n","protected":false},"excerpt":{"rendered":"<p>El Gobierno aprobar\u00e1 hoy m\u00e1s medidas de apoyo a la liquidez de las empresas El consejo de ministros celebrado el<\/p>\n","protected":false},"author":28,"featured_media":3095,"comment_status":"closed","ping_status":"closed","sticky":false,"template":"","format":"standard","meta":{"footnotes":""},"categories":[3,12,4],"tags":[],"class_list":["post-3094","post","type-post","status-publish","format-standard","has-post-thumbnail","hentry","category-economia","category-salud-laboral","category-sociedad"],"_links":{"self":[{"href":"https:\/\/www.cgt-lkn.org\/araba\/wp-json\/wp\/v2\/posts\/3094","targetHints":{"allow":["GET"]}}],"collection":[{"href":"https:\/\/www.cgt-lkn.org\/araba\/wp-json\/wp\/v2\/posts"}],"about":[{"href":"https:\/\/www.cgt-lkn.org\/araba\/wp-json\/wp\/v2\/types\/post"}],"author":[{"embeddable":true,"href":"https:\/\/www.cgt-lkn.org\/araba\/wp-json\/wp\/v2\/users\/28"}],"replies":[{"embeddable":true,"href":"https:\/\/www.cgt-lkn.org\/araba\/wp-json\/wp\/v2\/comments?post=3094"}],"version-history":[{"count":2,"href":"https:\/\/www.cgt-lkn.org\/araba\/wp-json\/wp\/v2\/posts\/3094\/revisions"}],"predecessor-version":[{"id":3097,"href":"https:\/\/www.cgt-lkn.org\/araba\/wp-json\/wp\/v2\/posts\/3094\/revisions\/3097"}],"wp:featuredmedia":[{"embeddable":true,"href":"https:\/\/www.cgt-lkn.org\/araba\/wp-json\/wp\/v2\/media\/3095"}],"wp:attachment":[{"href":"https:\/\/www.cgt-lkn.org\/araba\/wp-json\/wp\/v2\/media?parent=3094"}],"wp:term":[{"taxonomy":"category","embeddable":true,"href":"https:\/\/www.cgt-lkn.org\/araba\/wp-json\/wp\/v2\/categories?post=3094"},{"taxonomy":"post_tag","embeddable":true,"href":"https:\/\/www.cgt-lkn.org\/araba\/wp-json\/wp\/v2\/tags?post=3094"}],"curies":[{"name":"wp","href":"https:\/\/api.w.org\/{rel}","templated":true}]}}