{"id":2526,"date":"2018-03-06T09:31:48","date_gmt":"2018-03-06T09:31:48","guid":{"rendered":"http:\/\/www.cgt-lkn.org\/araba\/?p=2526"},"modified":"2018-03-06T09:31:48","modified_gmt":"2018-03-06T09:31:48","slug":"8-de-marzo-huelga-general","status":"publish","type":"post","link":"https:\/\/www.cgt-lkn.org\/araba\/blog\/archivos\/2526","title":{"rendered":"8 DE MARZO HUELGA GENERAL"},"content":{"rendered":"<p><span style=\"font-size: 14pt;\"><strong>Dada la confusi\u00f3n que se est\u00e1 generando -en algunos casos interesadamente- con las diferentes convocatorias de movilizaci\u00f3n registradas para el d\u00eda 8 de Marzo, la Confederaci\u00f3n General del Trabajo de Euskal Herria CGT-LKN quiere dejar claro lo siguiente:<\/strong><\/span><\/p>\n<p><span style=\"font-size: 14pt;\"><strong>La CGT ha registrado ante el Ministerio de Empleo y Seguridad Social la Huelga General de 24h el 8 de Marzo para TODO el Estado de conformidad con el RD Ley 17\/1977 por lo que es una Huelga totalmente legal; es una convocatoria hecha a petici\u00f3n del Movimiento Feminista y de la que tienen conocimiento el resto de organizaciones convocantes en sus muy diferentes variantes.<\/strong><\/span><\/p>\n<p><span style=\"font-size: 14pt;\"><strong>\u00a0<\/strong><strong>CGT-LKN en la Comunidad Aut\u00f3noma Vasca a su vez, registr\u00f3 el d\u00eda\u00a0<\/strong><strong>veinte de Febrero el preaviso de Huelga General para el d\u00eda 8 de Marzo no quedando resquicio alguno en cuanto a su legalidad y oportunidad.<\/strong><\/span><\/p>\n<p><span style=\"font-size: 14pt;\"><strong>\u00a0<\/strong><strong>El 27 de febrero hemos recibido de la Delegaci\u00f3n del Gobierno en la Comunidad Aut\u00f3noma del Pa\u00eds Vasco, la Orden de 27 de Febrero de 2018 de la Consejera de Trabajo y Justicias, por la que se decretan los servicios m\u00ednimos esenciales a la comunidad que se han de prestar durante la huelga del d\u00eda 8 de Marzo.<\/strong><\/span><\/p>\n<p><span style=\"font-size: 14pt;\"><b>La Huelga General se plantea como Huelga Laboral (convocando a la clase trabajadora), Huelga de cuidados (que evidencie la sobrecarga e invisibilidad en el trabajo dom\u00e9stico\u00a0y de cuidados), Huelga de Consumo (minimizar la luz, el gas, las compras, restaurantes,..) y Huelga Estudiantil (contando con el apoyo de la mayor\u00eda\u00a0de las organizaciones estudiantiles).<\/b><\/span><\/p>\n<p><span style=\"font-size: 14pt;\"><strong>\u00a0<\/strong><strong>El objetivo es \u201cparar la vida en toda su extensi\u00f3n\u201d y visibilizar el papel protagonista que tenemos las mujeres en el engranaje de la vida. Los intereses espurios y mezquinos de algunas organizaciones y medios de informaci\u00f3n invisibilizando esta convocatoria, dando protagonismos \u00fanico a organizaciones que est\u00e1n\u00a0<\/strong><b>haciendo un flaco favor a las mujeres trabajadoras con paros simb\u00f3licos\u00a0e ineficaces, intentando ningunear y dificultar la jornada de lucha ese d\u00eda con una postura de sumisi\u00f3n muy cercana a los intereses de la patronal y alejados de la convocatoria original del Movimiento Feminista.<\/b><\/span><\/p>\n<p><span style=\"font-size: 14pt;\"><strong>\u00a0<\/strong><strong>Hemos de recordar que una de las cuestiones que han hecho grande a nuestra tierra es aceptaci\u00f3n de la diversidad, donde todas las opiniones y modos de entender la sociedad han sido aceptados y han permitido que todas nos sintamos c\u00f3modas compartiendo y respirando el mismo aire.<\/strong><\/span><\/p>\n<p><span style=\"font-size: 14pt;\"><strong>\u00a0<\/strong><strong>Desde CGT-LKN, llamamos a participar y secundar todas las movilizaciones previstas por el Movimiento Feminista para el d\u00eda 8 de Marzo.<\/strong><\/span><\/p>\n<p><em>Secretariado Permanente de CGT-LKN Euskal Herria<\/em><\/p>\n","protected":false},"excerpt":{"rendered":"<p>Dada la confusi\u00f3n que se est\u00e1 generando -en algunos casos interesadamente- con las diferentes convocatorias de movilizaci\u00f3n registradas para el<\/p>\n","protected":false},"author":28,"featured_media":0,"comment_status":"closed","ping_status":"closed","sticky":false,"template":"","format":"standard","meta":{"footnotes":""},"categories":[15,11],"tags":[],"class_list":["post-2526","post","type-post","status-publish","format-standard","hentry","category-movilizaciones","category-mujer"],"_links":{"self":[{"href":"https:\/\/www.cgt-lkn.org\/araba\/wp-json\/wp\/v2\/posts\/2526","targetHints":{"allow":["GET"]}}],"collection":[{"href":"https:\/\/www.cgt-lkn.org\/araba\/wp-json\/wp\/v2\/posts"}],"about":[{"href":"https:\/\/www.cgt-lkn.org\/araba\/wp-json\/wp\/v2\/types\/post"}],"author":[{"embeddable":true,"href":"https:\/\/www.cgt-lkn.org\/araba\/wp-json\/wp\/v2\/users\/28"}],"replies":[{"embeddable":true,"href":"https:\/\/www.cgt-lkn.org\/araba\/wp-json\/wp\/v2\/comments?post=2526"}],"version-history":[{"count":1,"href":"https:\/\/www.cgt-lkn.org\/araba\/wp-json\/wp\/v2\/posts\/2526\/revisions"}],"predecessor-version":[{"id":2527,"href":"https:\/\/www.cgt-lkn.org\/araba\/wp-json\/wp\/v2\/posts\/2526\/revisions\/2527"}],"wp:attachment":[{"href":"https:\/\/www.cgt-lkn.org\/araba\/wp-json\/wp\/v2\/media?parent=2526"}],"wp:term":[{"taxonomy":"category","embeddable":true,"href":"https:\/\/www.cgt-lkn.org\/araba\/wp-json\/wp\/v2\/categories?post=2526"},{"taxonomy":"post_tag","embeddable":true,"href":"https:\/\/www.cgt-lkn.org\/araba\/wp-json\/wp\/v2\/tags?post=2526"}],"curies":[{"name":"wp","href":"https:\/\/api.w.org\/{rel}","templated":true}]}}