{"id":2472,"date":"2018-01-04T11:48:14","date_gmt":"2018-01-04T11:48:14","guid":{"rendered":"http:\/\/www.cgt-lkn.org\/araba\/?p=2472"},"modified":"2018-01-17T09:51:08","modified_gmt":"2018-01-17T09:51:08","slug":"rojo-y-negro-tv-lucha-no-25","status":"publish","type":"post","link":"https:\/\/www.cgt-lkn.org\/araba\/blog\/archivos\/2472","title":{"rendered":"ROJO Y NEGRO TV LUCHA N\u00ba 25"},"content":{"rendered":"<p><iframe loading=\"lazy\" src=\"\/\/www.youtube.com\/embed\/vHvW0K28g1Q\" width=\"560\" height=\"314\" allowfullscreen=\"allowfullscreen\"><\/iframe><\/p>\n<p>Queremos denunciar que las pol\u00edticas autoritarias impuestas a las clases asalariadas desde el inicio de \u201cla crisis-estafa\u201d, han conllevado, no s\u00f3lo desposesi\u00f3n y robo de derechos p\u00fablicos esenciales para la vida (como la sanidad, la educaci\u00f3n, los cuidados, la cultura, la comunicaci\u00f3n, los transportes p\u00fablicos, las prestaciones sociales\u2026.), sino que ha afectado directamente a la concepci\u00f3n social del trabajo p\u00fablico y, por consiguiente, al empleo de las personas que trabajan en lo p\u00fablico, hasta presentarlo como \u201cineficiente, despilfarrador, etc\u201d para, de esta manera, mercantilizar dicho trabajo y entreg\u00e1rselo a las grandes corporaciones empresariales para garantizarles beneficios privados.<\/p>\n","protected":false},"excerpt":{"rendered":"<p>Queremos denunciar que las pol\u00edticas autoritarias impuestas a las clases asalariadas desde el inicio de \u201cla crisis-estafa\u201d, han conllevado, no<\/p>\n","protected":false},"author":28,"featured_media":0,"comment_status":"closed","ping_status":"closed","sticky":false,"template":"","format":"standard","meta":{"footnotes":""},"categories":[2,4,6],"tags":[],"class_list":["post-2472","post","type-post","status-publish","format-standard","hentry","category-derechos-laborales","category-sociedad","category-videos"],"_links":{"self":[{"href":"https:\/\/www.cgt-lkn.org\/araba\/wp-json\/wp\/v2\/posts\/2472","targetHints":{"allow":["GET"]}}],"collection":[{"href":"https:\/\/www.cgt-lkn.org\/araba\/wp-json\/wp\/v2\/posts"}],"about":[{"href":"https:\/\/www.cgt-lkn.org\/araba\/wp-json\/wp\/v2\/types\/post"}],"author":[{"embeddable":true,"href":"https:\/\/www.cgt-lkn.org\/araba\/wp-json\/wp\/v2\/users\/28"}],"replies":[{"embeddable":true,"href":"https:\/\/www.cgt-lkn.org\/araba\/wp-json\/wp\/v2\/comments?post=2472"}],"version-history":[{"count":1,"href":"https:\/\/www.cgt-lkn.org\/araba\/wp-json\/wp\/v2\/posts\/2472\/revisions"}],"predecessor-version":[{"id":2473,"href":"https:\/\/www.cgt-lkn.org\/araba\/wp-json\/wp\/v2\/posts\/2472\/revisions\/2473"}],"wp:attachment":[{"href":"https:\/\/www.cgt-lkn.org\/araba\/wp-json\/wp\/v2\/media?parent=2472"}],"wp:term":[{"taxonomy":"category","embeddable":true,"href":"https:\/\/www.cgt-lkn.org\/araba\/wp-json\/wp\/v2\/categories?post=2472"},{"taxonomy":"post_tag","embeddable":true,"href":"https:\/\/www.cgt-lkn.org\/araba\/wp-json\/wp\/v2\/tags?post=2472"}],"curies":[{"name":"wp","href":"https:\/\/api.w.org\/{rel}","templated":true}]}}